{"id":947,"date":"2025-03-18T11:56:00","date_gmt":"2025-03-18T09:56:00","guid":{"rendered":"https:\/\/www.tomliehr.de\/?p=947"},"modified":"2025-03-18T11:58:40","modified_gmt":"2025-03-18T09:58:40","slug":"rudow-liest-ich-auch","status":"publish","type":"post","link":"https:\/\/www.tomliehr.de\/?p=947","title":{"rendered":"Rudow liest. Ich auch."},"content":{"rendered":"<p style=\"text-align: justify;\">Als ich zur Schule ging, war das meine &#8222;Hood&#8220;. Ich wohnte in Buckow im S\u00fcden von Berlin-Neuk\u00f6lln, und meine Freunde wohnten in Britz, Buckow, Rudow und Gropiusstadt. Meine Oberschule war in Britz. Die &#8222;Rudower H\u00f6he&#8220;, ein 70 Meter hoher ehemaliger Tr\u00fcmmerberg, geh\u00f6rte genauso zu meinen Abenteuerorten wie der Bereich vor der Berliner Mauer auf der \u00f6stlichen Seite der Wa\u00dfmannsdorfer Chaussee, wo mein bester Freund wohnte.<\/p>\n<p style=\"text-align: justify;\">Etwas weiter n\u00f6rdlich, in der Krokusstra\u00dfe, gibt es seit knapp zwanzig Jahren die <a href=\"https:\/\/www.genialokal.de\/buchhandlung\/berlin-rudow\/leporello-buch\/\">Buchhandlung Leporello<\/a>, deren Besitzer Heinz J. Ostermann nicht nur deswegen bekannt ist, weil seine Buchhandlung <em>einige<\/em> Auszeichnungen gewonnen hat, sondern wegen seiner Zivilcourage und wegen seines Einsatzes f\u00fcr die Demokratie. Deshalb ist es mir eine Ehre und eine Freude, dass er mich im Rahmen von <strong>&#8222;Rudow liest&#8220;<\/strong> zu einer <strong>Lesung aus &#8222;Im wechselnden Licht der Jahre&#8220;<\/strong> in seine Buchhandlung eingeladen hat.<\/p>\n<p>Der Eintritt ist frei, die Zeit ist ein bisschen ungew\u00f6hnlich, n\u00e4mlich am Sonntag (23.3.2025) um zw\u00f6lf.<\/p>\n<p>Mehr zum Termin <a href=\"https:\/\/www.genialokal.de\/buchhandlung\/berlin-rudow\/leporello-buch\/Veranstaltungen\/\">hier<\/a>. Reservierung erbeten, Eintritt frei.<\/p>\n<p>&nbsp;<\/p>\n","protected":false},"excerpt":{"rendered":"<p>Als ich zur Schule ging, war das meine &#8222;Hood&#8220;. Ich wohnte in Buckow im S\u00fcden von Berlin-Neuk\u00f6lln, und meine Freunde wohnten in Britz, Buckow, Rudow und Gropiusstadt. Meine Oberschule war in Britz. Die &#8222;Rudower H\u00f6he&#8220;, ein 70 Meter hoher ehemaliger Tr\u00fcmmerberg, geh\u00f6rte genauso zu meinen Abenteuerorten wie der Bereich vor der Berliner Mauer auf der &hellip; <a href=\"https:\/\/www.tomliehr.de\/?p=947\" class=\"more-link\"><span class=\"screen-reader-text\">Rudow liest. Ich auch.<\/span> weiterlesen <span class=\"meta-nav\">&rarr;<\/span><\/a><\/p>\n","protected":false},"author":1,"featured_media":0,"comment_status":"closed","ping_status":"closed","sticky":false,"template":"","format":"standard","meta":{"footnotes":""},"categories":[1,114,4],"tags":[21,152,143,36,12],"class_list":["post-947","post","type-post","status-publish","format-standard","hentry","category-allgemein","category-eigene-texte","category-news","tag-aufbau","tag-buchhandlung-leporello","tag-im-wechselnden-licht-der-jahre","tag-lesung","tag-tom-liehr"],"_links":{"self":[{"href":"https:\/\/www.tomliehr.de\/index.php?rest_route=\/wp\/v2\/posts\/947","targetHints":{"allow":["GET"]}}],"collection":[{"href":"https:\/\/www.tomliehr.de\/index.php?rest_route=\/wp\/v2\/posts"}],"about":[{"href":"https:\/\/www.tomliehr.de\/index.php?rest_route=\/wp\/v2\/types\/post"}],"author":[{"embeddable":true,"href":"https:\/\/www.tomliehr.de\/index.php?rest_route=\/wp\/v2\/users\/1"}],"replies":[{"embeddable":true,"href":"https:\/\/www.tomliehr.de\/index.php?rest_route=%2Fwp%2Fv2%2Fcomments&post=947"}],"version-history":[{"count":3,"href":"https:\/\/www.tomliehr.de\/index.php?rest_route=\/wp\/v2\/posts\/947\/revisions"}],"predecessor-version":[{"id":950,"href":"https:\/\/www.tomliehr.de\/index.php?rest_route=\/wp\/v2\/posts\/947\/revisions\/950"}],"wp:attachment":[{"href":"https:\/\/www.tomliehr.de\/index.php?rest_route=%2Fwp%2Fv2%2Fmedia&parent=947"}],"wp:term":[{"taxonomy":"category","embeddable":true,"href":"https:\/\/www.tomliehr.de\/index.php?rest_route=%2Fwp%2Fv2%2Fcategories&post=947"},{"taxonomy":"post_tag","embeddable":true,"href":"https:\/\/www.tomliehr.de\/index.php?rest_route=%2Fwp%2Fv2%2Ftags&post=947"}],"curies":[{"name":"wp","href":"https:\/\/api.w.org\/{rel}","templated":true}]}}