{"id":925,"date":"2024-07-15T18:05:01","date_gmt":"2024-07-15T16:05:01","guid":{"rendered":"https:\/\/www.tomliehr.de\/?p=925"},"modified":"2024-08-30T09:02:54","modified_gmt":"2024-08-30T07:02:54","slug":"mensch-guestrow-das-war-was","status":"publish","type":"post","link":"https:\/\/www.tomliehr.de\/?p=925","title":{"rendered":"Mensch, G\u00fcstrow, das war was."},"content":{"rendered":"<div class=\"x11i5rnm xat24cr x1mh8g0r x1vvkbs xtlvy1s x126k92a\">\n<div dir=\"auto\" style=\"text-align: justify;\">Als wir am fr\u00fchen Nachmittag ankamen, herrschte bestes Wetter. Am Strand des G\u00fcstrower Inselsees tummelten sich die Badenden, und nirgendwo sah es nach einer Lesung aus, die dort um zwanzig Uhr mit mir in der Hauptrolle stattfinden sollte. Aber um sechs lief die Mannschaft der Uwe-Johnson-Bibliothek auf, in Begleitung der Leute vom G\u00fcstrower Bauhof und einigen Helfern von den Rotariern, und um sieben standen dort am Strand eine B\u00fchne, eine PA, achtzig St\u00fchle, ein kleines Buffet und ein gut gef\u00fcllter B\u00fcchertisch. Der Soundcheck war gemacht, mein Lektor Reinhard Rohn, seines Zeichens zudem Krimiautor und bis zum vergangenen Fr\u00fchjahr Verlagsleiter und Gesch\u00e4ftsf\u00fchrer im Aufbau Verlag, und ich hatten unsere Headsets und waren verkabelt. Um halb acht waren bereits fast alle Pl\u00e4tze gef\u00fcllt, dabei sollte es erst um acht losgehen. <a href=\"http:\/\/guestrowtv.de\/aiovg_videos\/sendung-vom-26-07-2024\" target=\"_blank\" rel=\"noopener\">\u201eG\u00fcstrow TV\u201c<\/a> hatte Reinhard und mich interviewt, die Stimmung war pr\u00e4chtig.<\/div>\n<\/div>\n<div dir=\"auto\"><a href=\"https:\/\/www.tomliehr.de\/blog\/wp-content\/uploads\/2024\/08\/guestrow.jpg\"><img loading=\"lazy\" decoding=\"async\" class=\"alignnone size-full wp-image-926\" src=\"https:\/\/www.tomliehr.de\/blog\/wp-content\/uploads\/2024\/08\/guestrow.jpg\" alt=\"\" width=\"720\" height=\"540\" srcset=\"https:\/\/www.tomliehr.de\/blog\/wp-content\/uploads\/2024\/08\/guestrow.jpg 720w, https:\/\/www.tomliehr.de\/blog\/wp-content\/uploads\/2024\/08\/guestrow-300x225.jpg 300w\" sizes=\"auto, (max-width: 720px) 100vw, 720px\" \/><\/a><\/div>\n<div class=\"x11i5rnm xat24cr x1mh8g0r x1vvkbs xtlvy1s x126k92a\">\n<div dir=\"auto\"><\/div>\n<\/div>\n<div class=\"x11i5rnm xat24cr x1mh8g0r x1vvkbs xtlvy1s x126k92a\" style=\"text-align: justify;\">\n<div dir=\"auto\">Und dann, um zehn vor acht, kam der Regen. Und es war kein sanfter Nieselregen.<\/div>\n<\/div>\n<div class=\"x11i5rnm xat24cr x1mh8g0r x1vvkbs xtlvy1s x126k92a\" style=\"text-align: justify;\">\n<div dir=\"auto\"><\/div>\n<div dir=\"auto\">Ich erwartete, dass sich alle G\u00e4ste zur\u00fcckziehen w\u00fcrden, um dann doch das EM-Finale zu schauen, aber: Weit gefehlt. \u201eWir ziehen das durch\u201c, lautete die Devise, die auch Reinhard und ich uns zuraunten. Man schnappte sich seinen Klappstuhl und stellte sich zu uns unter eine der gro\u00dfen Weiden dort, die Techniker zogen Plastikt\u00fcten \u00fcber die Boxen, und die Terrasse des Restaurants direkt hinter den letzten Stuhlreihen f\u00fcllte sich. Wir bekamen Schirme. Und um f\u00fcnf nach acht war es wieder vorbei, zumindest vorerst. Also legten wir los. Vor, wie mir erz\u00e4hlt wurde, insgesamt neunzig Literaturinteressierten.<\/div>\n<\/div>\n<div class=\"x11i5rnm xat24cr x1mh8g0r x1vvkbs xtlvy1s x126k92a\" style=\"text-align: justify;\">\n<div dir=\"auto\">Was f\u00fcr eine Freude. Ich werde diesen ganz besonderen Abend, der anderthalb Stunden dauerte und auch drei Stunden h\u00e4tte dauern k\u00f6nnen, mit Sicherheit in Erinnerung behalten, und zwar in extrem guter. Wir haben gescherzt und gelacht und gelauscht und erz\u00e4hlt, ich habe ganz okay gelesen, wie man mir sagte, und um zehn tat mir der Arm vom Signieren weh \u2013 der B\u00fcchertisch war leergefegt, und nicht etwa vom Wind. Zwischendrin regnete es immer mal wieder, und Reinhard Rohn, der das ganze perfekt und \u00e4u\u00dferst liebensw\u00fcrdig moderierte, hielt den Schirm, w\u00e4hrend ich las. Alleine daf\u00fcr war es die Anreise wert. Und f\u00fcr den fantastischen Sonnenuntergang, der um Punkt halb zehn direkt hinter uns die Szene in pittoresk-romantisches Licht tauchte.<\/div>\n<\/div>\n<div class=\"x11i5rnm xat24cr x1mh8g0r x1vvkbs xtlvy1s x126k92a\">\n<div dir=\"auto\" style=\"text-align: left;\"><\/div>\n<div dir=\"auto\" style=\"text-align: left;\">BTW: Wer die Uwe-Johnson-Bibliothek in G\u00fcstrow irgendwann besucht: Der Pfeiler rechts vom Infotresen, die Unterschrift in Rot ganz oben, das war ich.<\/div>\n<div dir=\"auto\" style=\"text-align: left;\"><\/div>\n<div dir=\"auto\" style=\"text-align: left;\">BTW2: Nicht vergessen. <em>Der Sinn des Lebens ist, m\u00f6glichst lange nicht zu sterben<\/em>. (Tabea Bengt)<\/div>\n<\/div>\n","protected":false},"excerpt":{"rendered":"<p>Als wir am fr\u00fchen Nachmittag ankamen, herrschte bestes Wetter. Am Strand des G\u00fcstrower Inselsees tummelten sich die Badenden, und nirgendwo sah es nach einer Lesung aus, die dort um zwanzig Uhr mit mir in der Hauptrolle stattfinden sollte. Aber um sechs lief die Mannschaft der Uwe-Johnson-Bibliothek auf, in Begleitung der Leute vom G\u00fcstrower Bauhof und &hellip; <a href=\"https:\/\/www.tomliehr.de\/?p=925\" class=\"more-link\"><span class=\"screen-reader-text\">Mensch, G\u00fcstrow, das war was.<\/span> weiterlesen <span class=\"meta-nav\">&rarr;<\/span><\/a><\/p>\n","protected":false},"author":1,"featured_media":0,"comment_status":"open","ping_status":"open","sticky":false,"template":"","format":"standard","meta":{"footnotes":""},"categories":[1,114,5],"tags":[21,149,143,36,150,12],"class_list":["post-925","post","type-post","status-publish","format-standard","hentry","category-allgemein","category-eigene-texte","category-literaturszene","tag-aufbau","tag-guestrow","tag-im-wechselnden-licht-der-jahre","tag-lesung","tag-reinhard-rohn","tag-tom-liehr"],"_links":{"self":[{"href":"https:\/\/www.tomliehr.de\/index.php?rest_route=\/wp\/v2\/posts\/925","targetHints":{"allow":["GET"]}}],"collection":[{"href":"https:\/\/www.tomliehr.de\/index.php?rest_route=\/wp\/v2\/posts"}],"about":[{"href":"https:\/\/www.tomliehr.de\/index.php?rest_route=\/wp\/v2\/types\/post"}],"author":[{"embeddable":true,"href":"https:\/\/www.tomliehr.de\/index.php?rest_route=\/wp\/v2\/users\/1"}],"replies":[{"embeddable":true,"href":"https:\/\/www.tomliehr.de\/index.php?rest_route=%2Fwp%2Fv2%2Fcomments&post=925"}],"version-history":[{"count":1,"href":"https:\/\/www.tomliehr.de\/index.php?rest_route=\/wp\/v2\/posts\/925\/revisions"}],"predecessor-version":[{"id":927,"href":"https:\/\/www.tomliehr.de\/index.php?rest_route=\/wp\/v2\/posts\/925\/revisions\/927"}],"wp:attachment":[{"href":"https:\/\/www.tomliehr.de\/index.php?rest_route=%2Fwp%2Fv2%2Fmedia&parent=925"}],"wp:term":[{"taxonomy":"category","embeddable":true,"href":"https:\/\/www.tomliehr.de\/index.php?rest_route=%2Fwp%2Fv2%2Fcategories&post=925"},{"taxonomy":"post_tag","embeddable":true,"href":"https:\/\/www.tomliehr.de\/index.php?rest_route=%2Fwp%2Fv2%2Ftags&post=925"}],"curies":[{"name":"wp","href":"https:\/\/api.w.org\/{rel}","templated":true}]}}