{"id":919,"date":"2024-05-16T11:33:56","date_gmt":"2024-05-16T09:33:56","guid":{"rendered":"https:\/\/www.tomliehr.de\/?p=919"},"modified":"2024-05-16T11:33:56","modified_gmt":"2024-05-16T09:33:56","slug":"natuerlich-auch-als-hoerbuch","status":"publish","type":"post","link":"https:\/\/www.tomliehr.de\/?p=919","title":{"rendered":"<i>Nat\u00fcrlich<\/i> auch als H\u00f6rbuch!"},"content":{"rendered":"<p style=\"text-align: justify;\">Klar gibt es eines. Das vom gro\u00dfartigen <a href=\"https:\/\/www.thomas-nicolai.de\/\" target=\"_blank\" rel=\"noopener\">Thomas Nicolai<\/a> gesprochene H\u00f6rbuch mit einer L\u00e4nge von satten 11 Stunden und 40 Minuten ist ab dem 27.5. im Handel und zum Download verf\u00fcgbar, auf allen bekannten Portalen.<\/p>\n<p><a href=\"https:\/\/www.aufbau-verlage.de\/aufbau-audio\/im-wechselnden-licht-der-jahre\/978-3-7570-1429-2\"><img loading=\"lazy\" decoding=\"async\" class=\"alignnone wp-image-920 size-large\" src=\"https:\/\/www.tomliehr.de\/blog\/wp-content\/uploads\/2024\/05\/jahre_hoerbuch-1024x632.png\" alt=\"\" width=\"604\" height=\"373\" srcset=\"https:\/\/www.tomliehr.de\/blog\/wp-content\/uploads\/2024\/05\/jahre_hoerbuch-1024x632.png 1024w, https:\/\/www.tomliehr.de\/blog\/wp-content\/uploads\/2024\/05\/jahre_hoerbuch-300x185.png 300w, https:\/\/www.tomliehr.de\/blog\/wp-content\/uploads\/2024\/05\/jahre_hoerbuch-768x474.png 768w, https:\/\/www.tomliehr.de\/blog\/wp-content\/uploads\/2024\/05\/jahre_hoerbuch.png 1043w\" sizes=\"auto, (max-width: 604px) 100vw, 604px\" \/><\/a><\/p>\n","protected":false},"excerpt":{"rendered":"<p>Klar gibt es eines. Das vom gro\u00dfartigen Thomas Nicolai gesprochene H\u00f6rbuch mit einer L\u00e4nge von satten 11 Stunden und 40 Minuten ist ab dem 27.5. im Handel und zum Download verf\u00fcgbar, auf allen bekannten Portalen.<\/p>\n","protected":false},"author":1,"featured_media":0,"comment_status":"closed","ping_status":"closed","sticky":false,"template":"","format":"standard","meta":{"footnotes":""},"categories":[1],"tags":[],"class_list":["post-919","post","type-post","status-publish","format-standard","hentry","category-allgemein"],"_links":{"self":[{"href":"https:\/\/www.tomliehr.de\/index.php?rest_route=\/wp\/v2\/posts\/919","targetHints":{"allow":["GET"]}}],"collection":[{"href":"https:\/\/www.tomliehr.de\/index.php?rest_route=\/wp\/v2\/posts"}],"about":[{"href":"https:\/\/www.tomliehr.de\/index.php?rest_route=\/wp\/v2\/types\/post"}],"author":[{"embeddable":true,"href":"https:\/\/www.tomliehr.de\/index.php?rest_route=\/wp\/v2\/users\/1"}],"replies":[{"embeddable":true,"href":"https:\/\/www.tomliehr.de\/index.php?rest_route=%2Fwp%2Fv2%2Fcomments&post=919"}],"version-history":[{"count":1,"href":"https:\/\/www.tomliehr.de\/index.php?rest_route=\/wp\/v2\/posts\/919\/revisions"}],"predecessor-version":[{"id":923,"href":"https:\/\/www.tomliehr.de\/index.php?rest_route=\/wp\/v2\/posts\/919\/revisions\/923"}],"wp:attachment":[{"href":"https:\/\/www.tomliehr.de\/index.php?rest_route=%2Fwp%2Fv2%2Fmedia&parent=919"}],"wp:term":[{"taxonomy":"category","embeddable":true,"href":"https:\/\/www.tomliehr.de\/index.php?rest_route=%2Fwp%2Fv2%2Fcategories&post=919"},{"taxonomy":"post_tag","embeddable":true,"href":"https:\/\/www.tomliehr.de\/index.php?rest_route=%2Fwp%2Fv2%2Ftags&post=919"}],"curies":[{"name":"wp","href":"https:\/\/api.w.org\/{rel}","templated":true}]}}