{"id":907,"date":"2024-05-14T10:30:32","date_gmt":"2024-05-14T08:30:32","guid":{"rendered":"https:\/\/www.tomliehr.de\/?p=907"},"modified":"2024-05-14T11:18:41","modified_gmt":"2024-05-14T09:18:41","slug":"es-ist-da","status":"publish","type":"post","link":"https:\/\/www.tomliehr.de\/?p=907","title":{"rendered":"Es.<br>Ist.<br>Da."},"content":{"rendered":"<p style=\"text-align: justify;\">Es ist da. Es ist sch\u00f6n. Es ist (und das ist nat\u00fcrlich nicht mein Urteil) klug, unterhaltsam, ausschweifend, dann auch recht spannend, auf seine eigene Art ruhig und gelassen, sehr einf\u00fchlsam (wie mir gesagt wurde), hin und wieder ganz sch\u00f6n lustig, und meistens (hoffentlich) unvorhersehbar. Es ist vermutlich (und vielleicht sogar mit Abstand) einer der besten dreizehnten Romane, die bislang geschrieben wurden (die Idee hierzu habe ich bei den &#8222;Beatsteaks&#8220; geklaut, die gerade das beste neunte Album aller Zeiten ver\u00f6ffentlicht haben). Ich bin irre stolz und gl\u00fccklich und dankbar und tats\u00e4chlich sogar ein bisschen fassungslos. Ich kann es nicht erwarten, von Euch zu h\u00f6ren, was Ihr von dieser Geschichte haltet. Seit\/ab dem 15.5.2024 im gepflegten Handel, auch als Ebook und als H\u00f6rbuch, gesprochen vom gro\u00dfartigen Thomas Nicolai, der ja auch schon &#8222;Freitags bei Paolo&#8220; eingelesen hat.<\/p>\n<p style=\"text-align: justify;\">Bitte kauft bei Eurem Buchh\u00e4ndler um die Ecke oder bestellt bei &#8222;<a href=\"https:\/\/www.genialokal.de\/\" target=\"_blank\" rel=\"noopener\">genialokal<\/a>&#8220; oder im hinrei\u00dfenden <a href=\"https:\/\/shop.autorenwelt.de\/products\/im-wechselnden-licht-der-jahre-von-tom-liehr\" target=\"_blank\" rel=\"noopener\">Autorenwelt-Buchshop<\/a>, wo die Autoren und -innen ein paar Extraprozente kriegen (denn wir bekommen l\u00e4ngst nicht so viel ab, wie wir verdienen w\u00fcrden). Danke! &lt;3<\/p>\n<p><a href=\"https:\/\/www.tomliehr.de\/blog\/wp-content\/uploads\/2024\/05\/jahre_spiegelung.jpg\"><img loading=\"lazy\" decoding=\"async\" class=\"alignnone wp-image-909 size-large\" src=\"https:\/\/www.tomliehr.de\/blog\/wp-content\/uploads\/2024\/05\/jahre_spiegelung-1024x768.jpg\" alt=\"\" width=\"604\" height=\"453\" srcset=\"https:\/\/www.tomliehr.de\/blog\/wp-content\/uploads\/2024\/05\/jahre_spiegelung-1024x768.jpg 1024w, https:\/\/www.tomliehr.de\/blog\/wp-content\/uploads\/2024\/05\/jahre_spiegelung-300x225.jpg 300w, https:\/\/www.tomliehr.de\/blog\/wp-content\/uploads\/2024\/05\/jahre_spiegelung-768x576.jpg 768w, https:\/\/www.tomliehr.de\/blog\/wp-content\/uploads\/2024\/05\/jahre_spiegelung-1536x1152.jpg 1536w, https:\/\/www.tomliehr.de\/blog\/wp-content\/uploads\/2024\/05\/jahre_spiegelung.jpg 2048w\" sizes=\"auto, (max-width: 604px) 100vw, 604px\" \/><\/a><\/p>\n","protected":false},"excerpt":{"rendered":"<p>Es ist da. Es ist sch\u00f6n. Es ist (und das ist nat\u00fcrlich nicht mein Urteil) klug, unterhaltsam, ausschweifend, dann auch recht spannend, auf seine eigene Art ruhig und gelassen, sehr einf\u00fchlsam (wie mir gesagt wurde), hin und wieder ganz sch\u00f6n lustig, und meistens (hoffentlich) unvorhersehbar. Es ist vermutlich (und vielleicht sogar mit Abstand) einer der &hellip; <a href=\"https:\/\/www.tomliehr.de\/?p=907\" class=\"more-link\"><span class=\"screen-reader-text\">Es.<br \/>Ist.<br \/>Da.<\/span> weiterlesen <span class=\"meta-nav\">&rarr;<\/span><\/a><\/p>\n","protected":false},"author":1,"featured_media":0,"comment_status":"open","ping_status":"open","sticky":false,"template":"","format":"standard","meta":{"footnotes":""},"categories":[1,114,5,4],"tags":[21,19,22,143,12],"class_list":["post-907","post","type-post","status-publish","format-standard","hentry","category-allgemein","category-eigene-texte","category-literaturszene","category-news","tag-aufbau","tag-auflage","tag-cover","tag-im-wechselnden-licht-der-jahre","tag-tom-liehr"],"_links":{"self":[{"href":"https:\/\/www.tomliehr.de\/index.php?rest_route=\/wp\/v2\/posts\/907","targetHints":{"allow":["GET"]}}],"collection":[{"href":"https:\/\/www.tomliehr.de\/index.php?rest_route=\/wp\/v2\/posts"}],"about":[{"href":"https:\/\/www.tomliehr.de\/index.php?rest_route=\/wp\/v2\/types\/post"}],"author":[{"embeddable":true,"href":"https:\/\/www.tomliehr.de\/index.php?rest_route=\/wp\/v2\/users\/1"}],"replies":[{"embeddable":true,"href":"https:\/\/www.tomliehr.de\/index.php?rest_route=%2Fwp%2Fv2%2Fcomments&post=907"}],"version-history":[{"count":8,"href":"https:\/\/www.tomliehr.de\/index.php?rest_route=\/wp\/v2\/posts\/907\/revisions"}],"predecessor-version":[{"id":918,"href":"https:\/\/www.tomliehr.de\/index.php?rest_route=\/wp\/v2\/posts\/907\/revisions\/918"}],"wp:attachment":[{"href":"https:\/\/www.tomliehr.de\/index.php?rest_route=%2Fwp%2Fv2%2Fmedia&parent=907"}],"wp:term":[{"taxonomy":"category","embeddable":true,"href":"https:\/\/www.tomliehr.de\/index.php?rest_route=%2Fwp%2Fv2%2Fcategories&post=907"},{"taxonomy":"post_tag","embeddable":true,"href":"https:\/\/www.tomliehr.de\/index.php?rest_route=%2Fwp%2Fv2%2Ftags&post=907"}],"curies":[{"name":"wp","href":"https:\/\/api.w.org\/{rel}","templated":true}]}}