{"id":901,"date":"2024-05-06T10:59:45","date_gmt":"2024-05-06T08:59:45","guid":{"rendered":"https:\/\/www.tomliehr.de\/?p=901"},"modified":"2024-05-14T11:19:12","modified_gmt":"2024-05-14T09:19:12","slug":"freitags-bei-paolo-auf-platz-1-bei-apple","status":"publish","type":"post","link":"https:\/\/www.tomliehr.de\/?p=901","title":{"rendered":"&#8222;Freitags bei Paolo&#8220; auf Platz 1 bei Apple!"},"content":{"rendered":"<p style=\"text-align: justify;\">Am vergangenen Wochenende hat mein im Jahr 2022 erschienener Roman &#8222;Freitags bei Paolo&#8220; die Spitze der B\u00fcchercharts (Ebooks) bei Apple erklommen! Das H\u00f6rbuch war parallel auch kurz in den Top 10. Wie gro\u00dfartig!<\/p>\n<p><a href=\"https:\/\/www.tomliehr.de\/blog\/wp-content\/uploads\/2024\/05\/platz1_apple.png\"><img loading=\"lazy\" decoding=\"async\" class=\"alignnone size-medium wp-image-902\" src=\"https:\/\/www.tomliehr.de\/blog\/wp-content\/uploads\/2024\/05\/platz1_apple-300x209.png\" alt=\"\" width=\"300\" height=\"209\" srcset=\"https:\/\/www.tomliehr.de\/blog\/wp-content\/uploads\/2024\/05\/platz1_apple-300x209.png 300w, https:\/\/www.tomliehr.de\/blog\/wp-content\/uploads\/2024\/05\/platz1_apple-1024x714.png 1024w, https:\/\/www.tomliehr.de\/blog\/wp-content\/uploads\/2024\/05\/platz1_apple-768x535.png 768w, https:\/\/www.tomliehr.de\/blog\/wp-content\/uploads\/2024\/05\/platz1_apple-1536x1071.png 1536w, https:\/\/www.tomliehr.de\/blog\/wp-content\/uploads\/2024\/05\/platz1_apple-2048x1428.png 2048w\" sizes=\"auto, (max-width: 300px) 100vw, 300px\" \/><\/a><\/p>\n","protected":false},"excerpt":{"rendered":"<p>Am vergangenen Wochenende hat mein im Jahr 2022 erschienener Roman &#8222;Freitags bei Paolo&#8220; die Spitze der B\u00fcchercharts (Ebooks) bei Apple erklommen! Das H\u00f6rbuch war parallel auch kurz in den Top 10. Wie gro\u00dfartig!<\/p>\n","protected":false},"author":1,"featured_media":0,"comment_status":"open","ping_status":"open","sticky":false,"template":"","format":"standard","meta":{"footnotes":""},"categories":[1,114,5,4],"tags":[146,147,127,148,12],"class_list":["post-901","post","type-post","status-publish","format-standard","hentry","category-allgemein","category-eigene-texte","category-literaturszene","category-news","tag-apple-books","tag-charts","tag-freitags-bei-paolo","tag-platz-1","tag-tom-liehr"],"_links":{"self":[{"href":"https:\/\/www.tomliehr.de\/index.php?rest_route=\/wp\/v2\/posts\/901","targetHints":{"allow":["GET"]}}],"collection":[{"href":"https:\/\/www.tomliehr.de\/index.php?rest_route=\/wp\/v2\/posts"}],"about":[{"href":"https:\/\/www.tomliehr.de\/index.php?rest_route=\/wp\/v2\/types\/post"}],"author":[{"embeddable":true,"href":"https:\/\/www.tomliehr.de\/index.php?rest_route=\/wp\/v2\/users\/1"}],"replies":[{"embeddable":true,"href":"https:\/\/www.tomliehr.de\/index.php?rest_route=%2Fwp%2Fv2%2Fcomments&post=901"}],"version-history":[{"count":3,"href":"https:\/\/www.tomliehr.de\/index.php?rest_route=\/wp\/v2\/posts\/901\/revisions"}],"predecessor-version":[{"id":905,"href":"https:\/\/www.tomliehr.de\/index.php?rest_route=\/wp\/v2\/posts\/901\/revisions\/905"}],"wp:attachment":[{"href":"https:\/\/www.tomliehr.de\/index.php?rest_route=%2Fwp%2Fv2%2Fmedia&parent=901"}],"wp:term":[{"taxonomy":"category","embeddable":true,"href":"https:\/\/www.tomliehr.de\/index.php?rest_route=%2Fwp%2Fv2%2Fcategories&post=901"},{"taxonomy":"post_tag","embeddable":true,"href":"https:\/\/www.tomliehr.de\/index.php?rest_route=%2Fwp%2Fv2%2Ftags&post=901"}],"curies":[{"name":"wp","href":"https:\/\/api.w.org\/{rel}","templated":true}]}}