{"id":849,"date":"2024-03-08T13:39:44","date_gmt":"2024-03-08T11:39:44","guid":{"rendered":"https:\/\/www.tomliehr.de\/?p=849"},"modified":"2024-03-08T13:40:25","modified_gmt":"2024-03-08T11:40:25","slug":"die-sechste-null-ist-mit-abstand-die-schlimmste","status":"publish","type":"post","link":"https:\/\/www.tomliehr.de\/?p=849","title":{"rendered":"Die sechste Null ist mit Abstand die schlimmste"},"content":{"rendered":"<h3>Aber die 13 ist eine Gl\u00fcckszahl<\/h3>\n<p style=\"text-align: justify;\">Am 15. Mai wird mein <strong>dreizehnter Roman<\/strong> erscheinen, ein Roman, auf den ich mich ganz besonders freue. Er erz\u00e4hlt die Geschichte von Alexander Bengt, der mit seiner kleinen Familie im pittoresken Kleinmachnow lebt (ja, das ist der Berliner Vorort mit dem L\u00f6wenwildschwei<a href=\"https:\/\/shop.autorenwelt.de\/collections\/signierte-buecher\/products\/im-wechselnden-licht-der-jahre-von-tom-liehr\" target=\"_blank\" rel=\"noopener\"><img loading=\"lazy\" decoding=\"async\" class=\"size-medium wp-image-850 alignleft\" src=\"https:\/\/www.tomliehr.de\/blog\/wp-content\/uploads\/2024\/03\/imwechselndenlichtderjahre-182x300.png\" alt=\"\" width=\"182\" height=\"300\" srcset=\"https:\/\/www.tomliehr.de\/blog\/wp-content\/uploads\/2024\/03\/imwechselndenlichtderjahre-182x300.png 182w, https:\/\/www.tomliehr.de\/blog\/wp-content\/uploads\/2024\/03\/imwechselndenlichtderjahre.png 547w\" sizes=\"auto, (max-width: 182px) 100vw, 182px\" \/><\/a>n, das im Sommer &#8217;23 Schlagzeilen machte) &#8211; eigentlich in der perfekten Idylle. Alles stimmt, die Ehe ist gl\u00fccklich, und auch wenn Alex hin und wieder etwas mehr Verantwortung \u00fcbernehmen k\u00f6nnte, w\u00e4re &#8222;Zufriedenheit&#8220; eine stark untertreibende Beschreibung seines Zustands. Und dann wird auch noch der amerikanische Singer-Songwriter sein Nachbar, den er fr\u00fcher sehr bewundert hat.<\/p>\n<p>W\u00e4re da nur nicht die schlimme Sechs, die Alex sehr bald vorne in seiner Altersangabe tragen muss. Aber dann gibt es einen folgenschweren Unfall &#8211; und eine ganze Reihe weiterer Katastrophen.<\/p>\n<p>&nbsp;<\/p>\n<h3>\u00dcber Liebe, Leid, Gl\u00fcck, Freundschaft und das etwas versp\u00e4tete Erwachsenwerden<\/h3>\n<p style=\"text-align: justify;\">Im wechselnden Licht der Jahre&#8220; erz\u00e4hlt davon, wie \u00fcberraschend schnell Gl\u00fcck enden kann, ohne dass es keine Chance auf neues Gl\u00fcck mehr geben muss. Es erz\u00e4hlt von Musik, von der Elternschaft, von eigenartigen Nachbarn, von skurrilen Erlebnissen und vom \u00c4lterwerden &#8211; vom tats\u00e4chlichen \u00c4lterwerden und vom gef\u00fchlten.<\/p>\n<h3><span style=\"color: #ff5500;\">ACHTUNG: SIGNIERAKTION BIS ZUM 28.4.2024!<\/span><\/h3>\n<p style=\"text-align: justify;\">Im Zusammenarbeit mit dem wunderbaren <strong>Autorenwelt-Buchshop<\/strong> findet bis Ende April eine Signieraktion statt. Ihr k\u00f6nnt das Buch<strong> versandkostenfrei und ohne Aufpreis mit Signierung oder Wunschwidmung<\/strong> bestellen! Einfach oben auf das Buchcover oder auf <a href=\"https:\/\/shop.autorenwelt.de\/collections\/signierte-buecher\/products\/im-wechselnden-licht-der-jahre-von-tom-liehr\" target=\"_blank\" rel=\"noopener\"><strong>diesen Link hier<\/strong><\/a> klicken &#8211; und Ihr bekommt das wunschgem\u00e4\u00df signierte Buch zum Normalpreis rechtzeitig zum Erscheinungstermin!<\/p>\n<h3>Und hier noch ein kleiner Teaser:<\/h3>\n<p><a href=\"https:\/\/www.tomliehr.de\/blog\/wp-content\/uploads\/2024\/03\/ichwerdesterben.png\"><img loading=\"lazy\" decoding=\"async\" class=\"alignnone wp-image-854 size-large\" src=\"https:\/\/www.tomliehr.de\/blog\/wp-content\/uploads\/2024\/03\/ichwerdesterben-808x1024.png\" alt=\"\" width=\"604\" height=\"765\" srcset=\"https:\/\/www.tomliehr.de\/blog\/wp-content\/uploads\/2024\/03\/ichwerdesterben-808x1024.png 808w, https:\/\/www.tomliehr.de\/blog\/wp-content\/uploads\/2024\/03\/ichwerdesterben-237x300.png 237w, https:\/\/www.tomliehr.de\/blog\/wp-content\/uploads\/2024\/03\/ichwerdesterben-768x973.png 768w, https:\/\/www.tomliehr.de\/blog\/wp-content\/uploads\/2024\/03\/ichwerdesterben.png 1169w\" sizes=\"auto, (max-width: 604px) 100vw, 604px\" \/><\/a><\/p>\n","protected":false},"excerpt":{"rendered":"<p>Aber die 13 ist eine Gl\u00fcckszahl Am 15. Mai wird mein dreizehnter Roman erscheinen, ein Roman, auf den ich mich ganz besonders freue. Er erz\u00e4hlt die Geschichte von Alexander Bengt, der mit seiner kleinen Familie im pittoresken Kleinmachnow lebt (ja, das ist der Berliner Vorort mit dem L\u00f6wenwildschwein, das im Sommer &#8217;23 Schlagzeilen machte) &#8211; &hellip; <a href=\"https:\/\/www.tomliehr.de\/?p=849\" class=\"more-link\"><span class=\"screen-reader-text\">Die sechste Null ist mit Abstand die schlimmste<\/span> weiterlesen <span class=\"meta-nav\">&rarr;<\/span><\/a><\/p>\n","protected":false},"author":1,"featured_media":0,"comment_status":"closed","ping_status":"closed","sticky":false,"template":"","format":"standard","meta":{"footnotes":""},"categories":[1,114,5,4],"tags":[21,143,59,86,144,12,129],"class_list":["post-849","post","type-post","status-publish","format-standard","hentry","category-allgemein","category-eigene-texte","category-literaturszene","category-news","tag-aufbau","tag-im-wechselnden-licht-der-jahre","tag-literatur","tag-roman","tag-sechzig-werden","tag-tom-liehr","tag-veroeffentlichen"],"_links":{"self":[{"href":"https:\/\/www.tomliehr.de\/index.php?rest_route=\/wp\/v2\/posts\/849","targetHints":{"allow":["GET"]}}],"collection":[{"href":"https:\/\/www.tomliehr.de\/index.php?rest_route=\/wp\/v2\/posts"}],"about":[{"href":"https:\/\/www.tomliehr.de\/index.php?rest_route=\/wp\/v2\/types\/post"}],"author":[{"embeddable":true,"href":"https:\/\/www.tomliehr.de\/index.php?rest_route=\/wp\/v2\/users\/1"}],"replies":[{"embeddable":true,"href":"https:\/\/www.tomliehr.de\/index.php?rest_route=%2Fwp%2Fv2%2Fcomments&post=849"}],"version-history":[{"count":5,"href":"https:\/\/www.tomliehr.de\/index.php?rest_route=\/wp\/v2\/posts\/849\/revisions"}],"predecessor-version":[{"id":856,"href":"https:\/\/www.tomliehr.de\/index.php?rest_route=\/wp\/v2\/posts\/849\/revisions\/856"}],"wp:attachment":[{"href":"https:\/\/www.tomliehr.de\/index.php?rest_route=%2Fwp%2Fv2%2Fmedia&parent=849"}],"wp:term":[{"taxonomy":"category","embeddable":true,"href":"https:\/\/www.tomliehr.de\/index.php?rest_route=%2Fwp%2Fv2%2Fcategories&post=849"},{"taxonomy":"post_tag","embeddable":true,"href":"https:\/\/www.tomliehr.de\/index.php?rest_route=%2Fwp%2Fv2%2Ftags&post=849"}],"curies":[{"name":"wp","href":"https:\/\/api.w.org\/{rel}","templated":true}]}}