{"id":836,"date":"2023-11-17T13:41:06","date_gmt":"2023-11-17T11:41:06","guid":{"rendered":"https:\/\/www.tomliehr.de\/?p=836"},"modified":"2023-11-22T13:33:30","modified_gmt":"2023-11-22T11:33:30","slug":"die-vorfreude-kann-beginnen-mein-dreizehnter-kommt-im-mai-2024","status":"publish","type":"post","link":"https:\/\/www.tomliehr.de\/?p=836","title":{"rendered":"Die Vorfreude kann beginnen! Mein dreizehnter kommt &#8211; im Mai 2024!"},"content":{"rendered":"<p style=\"text-align: justify;\">So, die <a href=\"https:\/\/www.aufbau-verlage.de\/download\/13383\" target=\"_blank\" rel=\"noopener\">Verlagsvorschauen<\/a> sind drau\u00dfen, deshalb ist es jetzt wohl offiziell. Im Mai 2024 wird mein dreizehnter Roman erh\u00e4ltlich sein. <a href=\"https:\/\/shop.autorenwelt.de\/products\/im-wechselnden-licht-der-jahre-von-tom-liehr?variant=47337010069829\" target=\"_blank\" rel=\"noopener\"><strong>&#8222;Im wechselnden Licht der Jahre&#8220;<\/strong><\/a> (der Arbeitstitel lautete &#8222;Kleinmachnow&#8220;) erz\u00e4hlt die Geschichte von Alexander Bengt und seiner Familie. Mehr unten (aus der Vorschaubrosch\u00fcre) &#8211; und in ein paar Tagen!<a href=\"https:\/\/www.tomliehr.de\/blog\/wp-content\/uploads\/2023\/11\/vorschau_wechselndes_licht.png\"><img loading=\"lazy\" decoding=\"async\" class=\"aligncenter wp-image-837 size-full\" src=\"https:\/\/www.tomliehr.de\/blog\/wp-content\/uploads\/2023\/11\/vorschau_wechselndes_licht.png\" alt=\"\" width=\"832\" height=\"833\" srcset=\"https:\/\/www.tomliehr.de\/blog\/wp-content\/uploads\/2023\/11\/vorschau_wechselndes_licht.png 832w, https:\/\/www.tomliehr.de\/blog\/wp-content\/uploads\/2023\/11\/vorschau_wechselndes_licht-300x300.png 300w, https:\/\/www.tomliehr.de\/blog\/wp-content\/uploads\/2023\/11\/vorschau_wechselndes_licht-150x150.png 150w, https:\/\/www.tomliehr.de\/blog\/wp-content\/uploads\/2023\/11\/vorschau_wechselndes_licht-768x769.png 768w\" sizes=\"auto, (max-width: 832px) 100vw, 832px\" \/><\/a><\/p>\n","protected":false},"excerpt":{"rendered":"<p>So, die Verlagsvorschauen sind drau\u00dfen, deshalb ist es jetzt wohl offiziell. Im Mai 2024 wird mein dreizehnter Roman erh\u00e4ltlich sein. &#8222;Im wechselnden Licht der Jahre&#8220; (der Arbeitstitel lautete &#8222;Kleinmachnow&#8220;) erz\u00e4hlt die Geschichte von Alexander Bengt und seiner Familie. Mehr unten (aus der Vorschaubrosch\u00fcre) &#8211; und in ein paar Tagen!<\/p>\n","protected":false},"author":1,"featured_media":0,"comment_status":"closed","ping_status":"closed","sticky":false,"template":"","format":"standard","meta":{"footnotes":""},"categories":[1,5,4],"tags":[21,22,143,86,12,10,129],"class_list":["post-836","post","type-post","status-publish","format-standard","hentry","category-allgemein","category-literaturszene","category-news","tag-aufbau","tag-cover","tag-im-wechselnden-licht-der-jahre","tag-roman","tag-tom-liehr","tag-verlag","tag-veroeffentlichen"],"_links":{"self":[{"href":"https:\/\/www.tomliehr.de\/index.php?rest_route=\/wp\/v2\/posts\/836","targetHints":{"allow":["GET"]}}],"collection":[{"href":"https:\/\/www.tomliehr.de\/index.php?rest_route=\/wp\/v2\/posts"}],"about":[{"href":"https:\/\/www.tomliehr.de\/index.php?rest_route=\/wp\/v2\/types\/post"}],"author":[{"embeddable":true,"href":"https:\/\/www.tomliehr.de\/index.php?rest_route=\/wp\/v2\/users\/1"}],"replies":[{"embeddable":true,"href":"https:\/\/www.tomliehr.de\/index.php?rest_route=%2Fwp%2Fv2%2Fcomments&post=836"}],"version-history":[{"count":3,"href":"https:\/\/www.tomliehr.de\/index.php?rest_route=\/wp\/v2\/posts\/836\/revisions"}],"predecessor-version":[{"id":843,"href":"https:\/\/www.tomliehr.de\/index.php?rest_route=\/wp\/v2\/posts\/836\/revisions\/843"}],"wp:attachment":[{"href":"https:\/\/www.tomliehr.de\/index.php?rest_route=%2Fwp%2Fv2%2Fmedia&parent=836"}],"wp:term":[{"taxonomy":"category","embeddable":true,"href":"https:\/\/www.tomliehr.de\/index.php?rest_route=%2Fwp%2Fv2%2Fcategories&post=836"},{"taxonomy":"post_tag","embeddable":true,"href":"https:\/\/www.tomliehr.de\/index.php?rest_route=%2Fwp%2Fv2%2Ftags&post=836"}],"curies":[{"name":"wp","href":"https:\/\/api.w.org\/{rel}","templated":true}]}}