{"id":815,"date":"2023-09-28T08:56:24","date_gmt":"2023-09-28T06:56:24","guid":{"rendered":"https:\/\/www.tomliehr.de\/?p=815"},"modified":"2023-12-14T15:19:24","modified_gmt":"2023-12-14T13:19:24","slug":"das-print-regal-ist-wieder-vollstaendig","status":"publish","type":"post","link":"https:\/\/www.tomliehr.de\/?p=815","title":{"rendered":"Das Print-Regal ist wieder vollst\u00e4ndig!"},"content":{"rendered":"<p style=\"text-align: justify;\">Nachdem &#8222;Nachttankstelle&#8220; und &#8222;Landeier&#8220; Anfang September <a href=\"https:\/\/www.tomliehr.de\/?p=809\">bei Aufbau Audio als H\u00f6rb\u00fccher<\/a> erschienen sind (gesprochen von Jan Viethen, Bettina Storm und Julian Horeyseck), gibt es sie jetzt auch wieder &#8211; mit hinrei\u00dfenden neuen Covern, die der gro\u00dfartige Burkhard Neie entworfen hat &#8211; als gedruckte B\u00fccher!<\/p>\n<p style=\"text-align: justify;\">Wenn Ihr B\u00fccher \u00fcber den <a href=\"https:\/\/shop.autorenwelt.de\/search?type=product&amp;q=tom+liehr\" target=\"_blank\" rel=\"noopener\">Autorenwelt-Shop<\/a> bestellt, was ich Euch grunds\u00e4tzlich mindestens f\u00fcr deutschsprachig erstver\u00f6ffentlichte B\u00fccher ans Herz legen w\u00fcrde, bekommen die Autoren ein paar Pfennige mehr als wenn Ihr beispielsweise beim gro\u00dfen A kauft. Die Lieferung erfolgt fast genauso schnell und zum gleichen Tarif. Einfach mal ausprobieren (indem Ihr hier auf die Cover klickt)!<\/p>\n<p><a href=\"https:\/\/shop.autorenwelt.de\/products\/landeier-von-tom-liehr?variant=47113112912197\" target=\"_blank\" rel=\"noopener\"><img loading=\"lazy\" decoding=\"async\" class=\"alignnone wp-image-816 size-medium\" src=\"https:\/\/www.tomliehr.de\/blog\/wp-content\/uploads\/2023\/09\/landeier-1-195x300.png\" alt=\"\" width=\"195\" height=\"300\" srcset=\"https:\/\/www.tomliehr.de\/blog\/wp-content\/uploads\/2023\/09\/landeier-1-195x300.png 195w, https:\/\/www.tomliehr.de\/blog\/wp-content\/uploads\/2023\/09\/landeier-1-665x1024.png 665w, https:\/\/www.tomliehr.de\/blog\/wp-content\/uploads\/2023\/09\/landeier-1-768x1183.png 768w, https:\/\/www.tomliehr.de\/blog\/wp-content\/uploads\/2023\/09\/landeier-1.png 804w\" sizes=\"auto, (max-width: 195px) 100vw, 195px\" \/><\/a> <a href=\"https:\/\/shop.autorenwelt.de\/products\/nachttankstelle-von-tom-liehr?variant=47113072312645\" target=\"_blank\" rel=\"noopener\"><img loading=\"lazy\" decoding=\"async\" class=\"alignnone wp-image-817 size-medium\" src=\"https:\/\/www.tomliehr.de\/blog\/wp-content\/uploads\/2023\/09\/nachttankstelle-1-196x300.png\" alt=\"\" width=\"196\" height=\"300\" srcset=\"https:\/\/www.tomliehr.de\/blog\/wp-content\/uploads\/2023\/09\/nachttankstelle-1-196x300.png 196w, https:\/\/www.tomliehr.de\/blog\/wp-content\/uploads\/2023\/09\/nachttankstelle-1-668x1024.png 668w, https:\/\/www.tomliehr.de\/blog\/wp-content\/uploads\/2023\/09\/nachttankstelle-1-768x1178.png 768w, https:\/\/www.tomliehr.de\/blog\/wp-content\/uploads\/2023\/09\/nachttankstelle-1.png 807w\" sizes=\"auto, (max-width: 196px) 100vw, 196px\" \/><\/a><\/p>\n","protected":false},"excerpt":{"rendered":"<p>Nachdem &#8222;Nachttankstelle&#8220; und &#8222;Landeier&#8220; Anfang September bei Aufbau Audio als H\u00f6rb\u00fccher erschienen sind (gesprochen von Jan Viethen, Bettina Storm und Julian Horeyseck), gibt es sie jetzt auch wieder &#8211; mit hinrei\u00dfenden neuen Covern, die der gro\u00dfartige Burkhard Neie entworfen hat &#8211; als gedruckte B\u00fccher! Wenn Ihr B\u00fccher \u00fcber den Autorenwelt-Shop bestellt, was ich Euch grunds\u00e4tzlich &hellip; <a href=\"https:\/\/www.tomliehr.de\/?p=815\" class=\"more-link\"><span class=\"screen-reader-text\">Das Print-Regal ist wieder vollst\u00e4ndig!<\/span> weiterlesen <span class=\"meta-nav\">&rarr;<\/span><\/a><\/p>\n","protected":false},"author":1,"featured_media":0,"comment_status":"closed","ping_status":"closed","sticky":false,"template":"","format":"standard","meta":{"footnotes":""},"categories":[1,114,4],"tags":[140,22,85,79,139,12,10,129],"class_list":["post-815","post","type-post","status-publish","format-standard","hentry","category-allgemein","category-eigene-texte","category-news","tag-autorenwelt","tag-cover","tag-landeier","tag-nachttankstelle","tag-print","tag-tom-liehr","tag-verlag","tag-veroeffentlichen"],"_links":{"self":[{"href":"https:\/\/www.tomliehr.de\/index.php?rest_route=\/wp\/v2\/posts\/815","targetHints":{"allow":["GET"]}}],"collection":[{"href":"https:\/\/www.tomliehr.de\/index.php?rest_route=\/wp\/v2\/posts"}],"about":[{"href":"https:\/\/www.tomliehr.de\/index.php?rest_route=\/wp\/v2\/types\/post"}],"author":[{"embeddable":true,"href":"https:\/\/www.tomliehr.de\/index.php?rest_route=\/wp\/v2\/users\/1"}],"replies":[{"embeddable":true,"href":"https:\/\/www.tomliehr.de\/index.php?rest_route=%2Fwp%2Fv2%2Fcomments&post=815"}],"version-history":[{"count":3,"href":"https:\/\/www.tomliehr.de\/index.php?rest_route=\/wp\/v2\/posts\/815\/revisions"}],"predecessor-version":[{"id":846,"href":"https:\/\/www.tomliehr.de\/index.php?rest_route=\/wp\/v2\/posts\/815\/revisions\/846"}],"wp:attachment":[{"href":"https:\/\/www.tomliehr.de\/index.php?rest_route=%2Fwp%2Fv2%2Fmedia&parent=815"}],"wp:term":[{"taxonomy":"category","embeddable":true,"href":"https:\/\/www.tomliehr.de\/index.php?rest_route=%2Fwp%2Fv2%2Fcategories&post=815"},{"taxonomy":"post_tag","embeddable":true,"href":"https:\/\/www.tomliehr.de\/index.php?rest_route=%2Fwp%2Fv2%2Ftags&post=815"}],"curies":[{"name":"wp","href":"https:\/\/api.w.org\/{rel}","templated":true}]}}