{"id":809,"date":"2023-08-11T14:18:35","date_gmt":"2023-08-11T12:18:35","guid":{"rendered":"https:\/\/www.tomliehr.de\/?p=809"},"modified":"2023-08-11T14:18:35","modified_gmt":"2023-08-11T12:18:35","slug":"die-audio-backlist-wird-immer-laenger","status":"publish","type":"post","link":"https:\/\/www.tomliehr.de\/?p=809","title":{"rendered":"Die Audio-Backlist wird immer l\u00e4nger!"},"content":{"rendered":"<p>Nach &#8222;Idiotentest&#8220;, &#8222;Pauschaltourist&#8220;, &#8222;Leichtmatrosen&#8220;, &#8222;Die Wahrheit \u00fcber Metting&#8220; und &#8222;Freitags bei Paolo&#8220; sind demn\u00e4chst zwei weitere Romane von mir als H\u00f6rbuchfassungen zu bekommen, n\u00e4mlich &#8222;Nachttankstelle&#8220; und &#8222;Landeier&#8220;! &#8222;Nachttankstelle&#8220; erscheint schon am 18. August 2023 und &#8222;Landeier&#8220; etwas sp\u00e4ter.<\/p>\n<p><a href=\"https:\/\/www.aufbau-verlage.de\/aufbau-audio\/landeier\/978-3-7570-1140-6\" target=\"_blank\" rel=\"noopener\"><img loading=\"lazy\" decoding=\"async\" class=\"alignnone size-medium wp-image-810\" src=\"https:\/\/www.tomliehr.de\/blog\/wp-content\/uploads\/2023\/08\/landeier_audio-300x300.jpg\" alt=\"\" width=\"300\" height=\"300\" srcset=\"https:\/\/www.tomliehr.de\/blog\/wp-content\/uploads\/2023\/08\/landeier_audio-300x300.jpg 300w, https:\/\/www.tomliehr.de\/blog\/wp-content\/uploads\/2023\/08\/landeier_audio-150x150.jpg 150w, https:\/\/www.tomliehr.de\/blog\/wp-content\/uploads\/2023\/08\/landeier_audio.jpg 400w\" sizes=\"auto, (max-width: 300px) 100vw, 300px\" \/><\/a> <a href=\"https:\/\/www.aufbau-verlage.de\/aufbau-audio\/nachttankstelle\/978-3-7570-1142-0\" target=\"_blank\" rel=\"noopener\"><img loading=\"lazy\" decoding=\"async\" class=\"alignnone size-medium wp-image-811\" src=\"https:\/\/www.tomliehr.de\/blog\/wp-content\/uploads\/2023\/08\/nachttankstelle_audio-300x300.jpg\" alt=\"\" width=\"300\" height=\"300\" srcset=\"https:\/\/www.tomliehr.de\/blog\/wp-content\/uploads\/2023\/08\/nachttankstelle_audio-300x300.jpg 300w, https:\/\/www.tomliehr.de\/blog\/wp-content\/uploads\/2023\/08\/nachttankstelle_audio-150x150.jpg 150w, https:\/\/www.tomliehr.de\/blog\/wp-content\/uploads\/2023\/08\/nachttankstelle_audio.jpg 400w\" sizes=\"auto, (max-width: 300px) 100vw, 300px\" \/><\/a><\/p>\n<p>&#8222;Nachttankstelle&#8220; wurde von Jan Viethen gesprochen, &#8222;Landeier&#8220; von Bettina Storm und Julian Horeyseck. Ich freue mich wie &#8217;ne T\u00fcte Nudeln &#8211; hoffentlich machen Euch diese neuen Audiofassungen beim H\u00f6ren mindestens so viel Spa\u00df wie mir beim Schreiben!<\/p>\n","protected":false},"excerpt":{"rendered":"<p>Nach &#8222;Idiotentest&#8220;, &#8222;Pauschaltourist&#8220;, &#8222;Leichtmatrosen&#8220;, &#8222;Die Wahrheit \u00fcber Metting&#8220; und &#8222;Freitags bei Paolo&#8220; sind demn\u00e4chst zwei weitere Romane von mir als H\u00f6rbuchfassungen zu bekommen, n\u00e4mlich &#8222;Nachttankstelle&#8220; und &#8222;Landeier&#8220;! &#8222;Nachttankstelle&#8220; erscheint schon am 18. August 2023 und &#8222;Landeier&#8220; etwas sp\u00e4ter. &#8222;Nachttankstelle&#8220; wurde von Jan Viethen gesprochen, &#8222;Landeier&#8220; von Bettina Storm und Julian Horeyseck. Ich freue mich wie &hellip; <a href=\"https:\/\/www.tomliehr.de\/?p=809\" class=\"more-link\"><span class=\"screen-reader-text\">Die Audio-Backlist wird immer l\u00e4nger!<\/span> weiterlesen <span class=\"meta-nav\">&rarr;<\/span><\/a><\/p>\n","protected":false},"author":1,"featured_media":0,"comment_status":"closed","ping_status":"closed","sticky":false,"template":"","format":"standard","meta":{"footnotes":""},"categories":[1,114,4],"tags":[21,137,119,136,138,85,79,12,10,129],"class_list":["post-809","post","type-post","status-publish","format-standard","hentry","category-allgemein","category-eigene-texte","category-news","tag-aufbau","tag-bettina-storm","tag-hoerbuch","tag-jan-viethen","tag-julian-horeyseck","tag-landeier","tag-nachttankstelle","tag-tom-liehr","tag-verlag","tag-veroeffentlichen"],"_links":{"self":[{"href":"https:\/\/www.tomliehr.de\/index.php?rest_route=\/wp\/v2\/posts\/809","targetHints":{"allow":["GET"]}}],"collection":[{"href":"https:\/\/www.tomliehr.de\/index.php?rest_route=\/wp\/v2\/posts"}],"about":[{"href":"https:\/\/www.tomliehr.de\/index.php?rest_route=\/wp\/v2\/types\/post"}],"author":[{"embeddable":true,"href":"https:\/\/www.tomliehr.de\/index.php?rest_route=\/wp\/v2\/users\/1"}],"replies":[{"embeddable":true,"href":"https:\/\/www.tomliehr.de\/index.php?rest_route=%2Fwp%2Fv2%2Fcomments&post=809"}],"version-history":[{"count":1,"href":"https:\/\/www.tomliehr.de\/index.php?rest_route=\/wp\/v2\/posts\/809\/revisions"}],"predecessor-version":[{"id":812,"href":"https:\/\/www.tomliehr.de\/index.php?rest_route=\/wp\/v2\/posts\/809\/revisions\/812"}],"wp:attachment":[{"href":"https:\/\/www.tomliehr.de\/index.php?rest_route=%2Fwp%2Fv2%2Fmedia&parent=809"}],"wp:term":[{"taxonomy":"category","embeddable":true,"href":"https:\/\/www.tomliehr.de\/index.php?rest_route=%2Fwp%2Fv2%2Fcategories&post=809"},{"taxonomy":"post_tag","embeddable":true,"href":"https:\/\/www.tomliehr.de\/index.php?rest_route=%2Fwp%2Fv2%2Ftags&post=809"}],"curies":[{"name":"wp","href":"https:\/\/api.w.org\/{rel}","templated":true}]}}