{"id":792,"date":"2023-04-11T17:58:26","date_gmt":"2023-04-11T15:58:26","guid":{"rendered":"https:\/\/www.tomliehr.de\/?p=792"},"modified":"2023-09-29T15:22:10","modified_gmt":"2023-09-29T13:22:10","slug":"ferien-mit-faschisten-meistens-ein-fehler-als-buch-aber-keiner","status":"publish","type":"post","link":"https:\/\/www.tomliehr.de\/?p=792","title":{"rendered":"Ferien mit Faschisten &#8211; meistens ein Fehler, als Buch aber keiner"},"content":{"rendered":"<p style=\"text-align: justify;\">Im Herbst 2020 habe ich auf &#8222;Spiegel Online&#8220; eine bemerkenswerte Reportage gelesen &#8211; &#8222;Mein Urlaub mit Neonazis auf dem Bauernhof&#8220; von Haiko Prengel. Die Reportage hat mich inspiriert, und aus der Inspiration ist erst die Story &#8222;Ferien mit Faschisten&#8220; und jetzt ein Buch geworden, wenn auch ein kleines, aber daf\u00fcr hinrei\u00dfend sch\u00f6nes. Und sehr lustiges, aber nicht nur &#8211; das Lachen bleibt einem, wie mir berichtet wurde, hin und wieder im H\u00e4lslein stecken.<\/p>\n<p style=\"text-align: justify;\">\nDas kleine, feine Buch erscheint als 60-seitiges &#8222;booklit&#8220;, als eine Art Pixie-Buch f\u00fcr Erwachsene, und zwar im Rahmen der 32. Staffel solcher B\u00fccher, die der gro\u00dfartige Lou Probsthayn in seinem &#8222;Literatur Quickie Verlag&#8220; ver\u00f6ffentlicht. Es kostet einzeln nur 3 \u20ac, aber die gesamte Staffel lohnt sich nat\u00fcrlich auch &#8211; 5 solcher B\u00fccher f\u00fcr zusammen nur 15 \u20ac. <a href=\"https:\/\/www.literatur-quickie.org\/lesemittelhandel\/32-staffel\/\" target=\"_blank\" rel=\"noopener\">Hier kann man die Staffel oder einzelne B\u00fccher jetzt schon vorbestellen.<\/a> Und so sieht es aus (das Cover ist von <span dir=\"ltr\" role=\"presentation\">Ekaterina Tangian<\/span>).<\/p>\n<p><a href=\"https:\/\/www.tomliehr.de\/blog\/wp-content\/uploads\/2023\/04\/fmf-1.png\"><img loading=\"lazy\" decoding=\"async\" class=\"alignnone size-medium wp-image-795\" src=\"https:\/\/www.tomliehr.de\/blog\/wp-content\/uploads\/2023\/04\/fmf-1-300x300.png\" alt=\"\" width=\"300\" height=\"300\" srcset=\"https:\/\/www.tomliehr.de\/blog\/wp-content\/uploads\/2023\/04\/fmf-1-300x300.png 300w, https:\/\/www.tomliehr.de\/blog\/wp-content\/uploads\/2023\/04\/fmf-1-150x150.png 150w, https:\/\/www.tomliehr.de\/blog\/wp-content\/uploads\/2023\/04\/fmf-1.png 546w\" sizes=\"auto, (max-width: 300px) 100vw, 300px\" \/><\/a><\/p>\n","protected":false},"excerpt":{"rendered":"<p>Im Herbst 2020 habe ich auf &#8222;Spiegel Online&#8220; eine bemerkenswerte Reportage gelesen &#8211; &#8222;Mein Urlaub mit Neonazis auf dem Bauernhof&#8220; von Haiko Prengel. Die Reportage hat mich inspiriert, und aus der Inspiration ist erst die Story &#8222;Ferien mit Faschisten&#8220; und jetzt ein Buch geworden, wenn auch ein kleines, aber daf\u00fcr hinrei\u00dfend sch\u00f6nes. Und sehr lustiges, &hellip; <a href=\"https:\/\/www.tomliehr.de\/?p=792\" class=\"more-link\"><span class=\"screen-reader-text\">Ferien mit Faschisten &#8211; meistens ein Fehler, als Buch aber keiner<\/span> weiterlesen <span class=\"meta-nav\">&rarr;<\/span><\/a><\/p>\n","protected":false},"author":1,"featured_media":0,"comment_status":"closed","ping_status":"closed","sticky":false,"template":"","format":"standard","meta":{"footnotes":""},"categories":[1,114,4],"tags":[133,132,131,134,129],"class_list":["post-792","post","type-post","status-publish","format-standard","hentry","category-allgemein","category-eigene-texte","category-news","tag-ferien-mit-faschisten","tag-literatur-quickie","tag-probsthayn","tag-short-story","tag-veroeffentlichen"],"_links":{"self":[{"href":"https:\/\/www.tomliehr.de\/index.php?rest_route=\/wp\/v2\/posts\/792","targetHints":{"allow":["GET"]}}],"collection":[{"href":"https:\/\/www.tomliehr.de\/index.php?rest_route=\/wp\/v2\/posts"}],"about":[{"href":"https:\/\/www.tomliehr.de\/index.php?rest_route=\/wp\/v2\/types\/post"}],"author":[{"embeddable":true,"href":"https:\/\/www.tomliehr.de\/index.php?rest_route=\/wp\/v2\/users\/1"}],"replies":[{"embeddable":true,"href":"https:\/\/www.tomliehr.de\/index.php?rest_route=%2Fwp%2Fv2%2Fcomments&post=792"}],"version-history":[{"count":4,"href":"https:\/\/www.tomliehr.de\/index.php?rest_route=\/wp\/v2\/posts\/792\/revisions"}],"predecessor-version":[{"id":825,"href":"https:\/\/www.tomliehr.de\/index.php?rest_route=\/wp\/v2\/posts\/792\/revisions\/825"}],"wp:attachment":[{"href":"https:\/\/www.tomliehr.de\/index.php?rest_route=%2Fwp%2Fv2%2Fmedia&parent=792"}],"wp:term":[{"taxonomy":"category","embeddable":true,"href":"https:\/\/www.tomliehr.de\/index.php?rest_route=%2Fwp%2Fv2%2Fcategories&post=792"},{"taxonomy":"post_tag","embeddable":true,"href":"https:\/\/www.tomliehr.de\/index.php?rest_route=%2Fwp%2Fv2%2Ftags&post=792"}],"curies":[{"name":"wp","href":"https:\/\/api.w.org\/{rel}","templated":true}]}}