{"id":77,"date":"2010-10-16T18:00:51","date_gmt":"2010-10-16T16:00:51","guid":{"rendered":"http:\/\/www.tomliehr.de\/blog\/?p=77"},"modified":"2023-04-11T17:19:08","modified_gmt":"2023-04-11T15:19:08","slug":"warum-werde-ich-nicht-veroffentlicht-oder-die-grose-manuskriptverschickung","status":"publish","type":"post","link":"https:\/\/www.tomliehr.de\/?p=77","title":{"rendered":"Warum werde ich nicht ver\u00f6ffentlicht? Oder: Die gro\u00dfe Manuskriptverschickung"},"content":{"rendered":"<p>Im August und September 2010 ist im <a href=\"http:\/\/www.literaturcafe.de\">Literaturcafe <\/a>eine f\u00fcnfteilige Serie von mir erschienen, in der es um die Gr\u00fcnde daf\u00fcr ging, warum von den vielen, vielen Manuskripten, die an die gro\u00dfen Verlage geschickt werden, nur so wenige erscheinen.<\/p>\n<p>Hier die einzelnen Teile der Beitragsreihe:<br \/>\n<a href=\"http:\/\/www.literaturcafe.de\/warum-werde-ich-nicht-veroeffentlicht-teil-1\/\">Teil 1<\/a><br \/>\n<a href=\"http:\/\/www.literaturcafe.de\/warum-werde-ich-nicht-veroeffentlicht-teil-2\/\">Teil 2<\/a><br \/>\n<a href=\"http:\/\/www.literaturcafe.de\/warum-werde-ich-nicht-veroeffentlicht-oder-die-grosse-manuskriptverschickung-teil-3\/\">Teil 3<\/a><br \/>\n<a href=\"http:\/\/www.literaturcafe.de\/warum-werde-ich-nicht-veroeffentlicht-teil-4\/\">Teil 4<\/a><br \/>\n<a href=\"http:\/\/www.literaturcafe.de\/warum-werde-ich-nicht-veroeffentlicht-teil-5\/\">Teil 5<\/a><br \/>\n<a href=\"http:\/\/www.literaturcafe.de\/warum-werde-ich-nicht-veroeffentlicht-nachtrag\/\">Nachtrag und Antwort auf die Kommentare<\/a><\/p>\n","protected":false},"excerpt":{"rendered":"<p>Im August und September 2010 ist im Literaturcafe eine f\u00fcnfteilige Serie von mir erschienen, in der es um die Gr\u00fcnde daf\u00fcr ging, warum von den vielen, vielen Manuskripten, die an die gro\u00dfen Verlage geschickt werden, nur so wenige erscheinen. Hier die einzelnen Teile der Beitragsreihe: Teil 1 Teil 2 Teil 3 Teil 4 Teil 5 &hellip; <a href=\"https:\/\/www.tomliehr.de\/?p=77\" class=\"more-link\"><span class=\"screen-reader-text\">Warum werde ich nicht ver\u00f6ffentlicht? Oder: Die gro\u00dfe Manuskriptverschickung<\/span> weiterlesen <span class=\"meta-nav\">&rarr;<\/span><\/a><\/p>\n","protected":false},"author":1,"featured_media":0,"comment_status":"closed","ping_status":"closed","sticky":false,"template":"","format":"standard","meta":{"footnotes":""},"categories":[5],"tags":[23,24,15],"class_list":["post-77","post","type-post","status-publish","format-standard","hentry","category-literaturszene","tag-literaturcafe","tag-manuskript","tag-veroffentlichen"],"_links":{"self":[{"href":"https:\/\/www.tomliehr.de\/index.php?rest_route=\/wp\/v2\/posts\/77","targetHints":{"allow":["GET"]}}],"collection":[{"href":"https:\/\/www.tomliehr.de\/index.php?rest_route=\/wp\/v2\/posts"}],"about":[{"href":"https:\/\/www.tomliehr.de\/index.php?rest_route=\/wp\/v2\/types\/post"}],"author":[{"embeddable":true,"href":"https:\/\/www.tomliehr.de\/index.php?rest_route=\/wp\/v2\/users\/1"}],"replies":[{"embeddable":true,"href":"https:\/\/www.tomliehr.de\/index.php?rest_route=%2Fwp%2Fv2%2Fcomments&post=77"}],"version-history":[{"count":7,"href":"https:\/\/www.tomliehr.de\/index.php?rest_route=\/wp\/v2\/posts\/77\/revisions"}],"predecessor-version":[{"id":768,"href":"https:\/\/www.tomliehr.de\/index.php?rest_route=\/wp\/v2\/posts\/77\/revisions\/768"}],"wp:attachment":[{"href":"https:\/\/www.tomliehr.de\/index.php?rest_route=%2Fwp%2Fv2%2Fmedia&parent=77"}],"wp:term":[{"taxonomy":"category","embeddable":true,"href":"https:\/\/www.tomliehr.de\/index.php?rest_route=%2Fwp%2Fv2%2Fcategories&post=77"},{"taxonomy":"post_tag","embeddable":true,"href":"https:\/\/www.tomliehr.de\/index.php?rest_route=%2Fwp%2Fv2%2Ftags&post=77"}],"curies":[{"name":"wp","href":"https:\/\/api.w.org\/{rel}","templated":true}]}}