{"id":72,"date":"2022-01-01T00:42:01","date_gmt":"2021-12-31T22:42:01","guid":{"rendered":"http:\/\/www.tomliehr.de\/blog\/?p=72"},"modified":"2025-01-30T16:44:17","modified_gmt":"2025-01-30T14:44:17","slug":"endlich-die-neue-version-der-site","status":"publish","type":"post","link":"https:\/\/www.tomliehr.de\/?p=72","title":{"rendered":"Servus."},"content":{"rendered":"\r\n<p><span style=\"color: #808080;\"><em>(Dieser Text ist als Einstiegstext verankert &#8211; aktuelle Beitr\u00e4ge findet Ihr <a href=\"https:\/\/www.tomliehr.de\/?p=936\">weiter unten<\/a>.)<\/em><\/span><\/p>\r\n<p style=\"text-align: justify;\">Im M\u00e4rz 2003 ist mein erster Roman &#8211; &#8222;Radio Nights&#8220; (Aufbau) &#8211; erschienen, seit Juni 2024 ist der dreizehnte auf dem Markt: &#8222;Im wechselnden Licht der Jahre&#8220; (Aufbau). Alle \u00e4lteren B\u00fccher sind immer noch erh\u00e4ltlich, also auf der so genannten &#8222;Backlist&#8220;. Die \u00fcbern\u00e4chsten sind in Vorbereitung, und Ideen f\u00fcr mindestens ein Dutzend weitere sind notiert.<\/p>\r\n<p style=\"text-align: justify;\">W\u00e4hrend dieser Jahre ist eine Menge passiert. Ich habe zig Lesungen gehalten (einige sollen sogar, h\u00f6rt man, recht interessant gewesen sein), habe hunderte Leserbriefe bekommen (und die meisten beantwortet), war in Presse, Funk und Fernsehen, wurde ein paar Dutzend Male interviewt. Google liefert eine Achtelmillion Treffer, wenn man meinen Namen eintippt. Okay, ein paar davon verstehe selbst ich nicht. Aber &#8211; immerhin. Ein Buch &#8211; &#8222;Geisterfahrer&#8220; (2008) &#8211; ist auf Franz\u00f6sisch erschienen, von diesem Titel wird es (siehe unten) au\u00dferdem bald eine Comic-Version geben. Ich durfte viele Sachbeitr\u00e4ge verfassen, darunter f\u00fcr die &#8222;Zitty&#8220;, den &#8222;Standard&#8220; und das Magazin &#8222;DATUM &#8211; Seiten der Zeit&#8220;. In diversen Anthologien wurden Texte von mir publiziert. Die meisten meiner Romane gibt es auch als H\u00f6rb\u00fccher, von tollen Schauspielern wie Steffen Groth, Martin Bross, Jona Mues, Jan Viethen und Thomas Nicolai eingesprochen. Die Verfilmung von &#8222;Leichtmatrosen&#8220; hat im Sommer 2016 stattgefunden, und das Ergebnis mit Golo Euler, Stefan Sz\u00e1zs, Gabriel Merz und Susanne Bormann in den Hauptrollen war im Sommer 2017 in der ARD zu sehen (und wuselt seither immer mal wieder durch die dritten Programme und ARD-Mediatheken).<\/p>\r\n<p style=\"text-align: justify;\">Was ich sagen will: Ich bin dann wohl Schriftsteller. Wenn man in eine Buchhandlung geht und einem Mitarbeiter meinen Namen langsam buchstabiert, bekommt man sehr wahrscheinlich die Wegbeschreibung zu einem Regal, in dem ein, zwei Romane von mir stehen. Vielleicht sieht man sogar welche auf einem Stapel liegen. In vielen B\u00fcchereien d\u00fcrfte es sich \u00e4hnlich verhalten. Leute &#8211; denen ich dankbar bin &#8211; haben einen Wikipedia-Beitrag verfasst. Ich wurde f\u00fcr Blurbs angefragt &#8211; das sind die Kurzzitate auf der R\u00fcckseite von B\u00fcchern anderer Autoren (etwa &#8222;Prima Buch&#8220; &#8211; Tom Liehr). Storys wurden vertont, zum Beispiel vom Deutschlandradio.<\/p>\r\n<p style=\"text-align: justify;\">All das ist immer noch sehr seltsam, und ich warte nach wie vor darauf, dass jemand hinter einer Hausecke hervorspringt und &#8222;War nur ein Scherz!&#8220; kr\u00e4ht. Ehrlich. Es ist ein gro\u00dfes\u00b8gro\u00dfes Gl\u00fcck und nahezu ein legitimes Wunder, dieser Arbeit nachgehen zu d\u00fcrfen &#8211; und das auch noch relativ erfolgreich. Weil diese Arbeit irren Spa\u00df macht.<\/p>\r\n<p>Und das habe ich Euch zu verdanken. Also, hey: Danke!<\/p>\r\n\r\n\r\n\r\n\r\n\r\n<p class=\"wp-block-image alignright\"><a href=\"http:\/\/www.sschleyer.de\/suche\/_swf\/tom_liehr\/index.html\"><img decoding=\"async\" src=\"https:\/\/www.tomliehr.de\/tom_liehr_991_xs.jpg\" alt=\"Tom Liehr - Foto \u00a9 Susanne Schleyer\/Autorenarchiv.de, Weiterverwendung streng untersagt!\" \/><\/a><br \/><span style=\"color: #999999;\">Tom Liehr &#8211; Foto \u00a9 Susanne Schleyer\/Autorenarchiv.de, Weiterverwendung streng untersagt! (So habe ich \u00fcbrigens vor ungef\u00e4hr 15 Jahren ausgesehen.)<\/span><\/p>\r\n\r\n\r\n\r\n<p><em> Herzlich,<br \/>Tom<\/em><\/p>\r\n","protected":false},"excerpt":{"rendered":"<p>(Dieser Text ist als Einstiegstext verankert &#8211; aktuelle Beitr\u00e4ge findet Ihr weiter unten.) Im M\u00e4rz 2003 ist mein erster Roman &#8211; &#8222;Radio Nights&#8220; (Aufbau) &#8211; erschienen, seit Juni 2024 ist der dreizehnte auf dem Markt: &#8222;Im wechselnden Licht der Jahre&#8220; (Aufbau). Alle \u00e4lteren B\u00fccher sind immer noch erh\u00e4ltlich, also auf der so genannten &#8222;Backlist&#8220;. Die &hellip; <a href=\"https:\/\/www.tomliehr.de\/?p=72\" class=\"more-link\"><span class=\"screen-reader-text\">Servus.<\/span> weiterlesen <span class=\"meta-nav\">&rarr;<\/span><\/a><\/p>\n","protected":false},"author":1,"featured_media":0,"comment_status":"open","ping_status":"closed","sticky":true,"template":"","format":"standard","meta":{"footnotes":""},"categories":[1,4],"tags":[],"class_list":["post-72","post","type-post","status-publish","format-standard","hentry","category-allgemein","category-news"],"_links":{"self":[{"href":"https:\/\/www.tomliehr.de\/index.php?rest_route=\/wp\/v2\/posts\/72","targetHints":{"allow":["GET"]}}],"collection":[{"href":"https:\/\/www.tomliehr.de\/index.php?rest_route=\/wp\/v2\/posts"}],"about":[{"href":"https:\/\/www.tomliehr.de\/index.php?rest_route=\/wp\/v2\/types\/post"}],"author":[{"embeddable":true,"href":"https:\/\/www.tomliehr.de\/index.php?rest_route=\/wp\/v2\/users\/1"}],"replies":[{"embeddable":true,"href":"https:\/\/www.tomliehr.de\/index.php?rest_route=%2Fwp%2Fv2%2Fcomments&post=72"}],"version-history":[{"count":48,"href":"https:\/\/www.tomliehr.de\/index.php?rest_route=\/wp\/v2\/posts\/72\/revisions"}],"predecessor-version":[{"id":944,"href":"https:\/\/www.tomliehr.de\/index.php?rest_route=\/wp\/v2\/posts\/72\/revisions\/944"}],"wp:attachment":[{"href":"https:\/\/www.tomliehr.de\/index.php?rest_route=%2Fwp%2Fv2%2Fmedia&parent=72"}],"wp:term":[{"taxonomy":"category","embeddable":true,"href":"https:\/\/www.tomliehr.de\/index.php?rest_route=%2Fwp%2Fv2%2Fcategories&post=72"},{"taxonomy":"post_tag","embeddable":true,"href":"https:\/\/www.tomliehr.de\/index.php?rest_route=%2Fwp%2Fv2%2Ftags&post=72"}],"curies":[{"name":"wp","href":"https:\/\/api.w.org\/{rel}","templated":true}]}}