{"id":691,"date":"2022-11-09T17:51:27","date_gmt":"2022-11-09T15:51:27","guid":{"rendered":"https:\/\/www.tomliehr.de\/?p=691"},"modified":"2023-04-11T18:28:23","modified_gmt":"2023-04-11T16:28:23","slug":"in-einer-woche-ist-freitags","status":"publish","type":"post","link":"https:\/\/www.tomliehr.de\/?p=691","title":{"rendered":"In einer Woche ist Freitags &#8230;"},"content":{"rendered":"<p>&#8230; bei Paolo.<\/p>\n<p>Denn am 15. November erscheint mein neuer, zw\u00f6lfter Roman, der so hei\u00dft. Im gepflegten Handel f\u00fcr <a href=\"https:\/\/shop.autorenwelt.de\/products\/freitags-bei-paolo-von-tom-liehr?variant=40015059910749\" target=\"_blank\" rel=\"noopener\"><img loading=\"lazy\" decoding=\"async\" class=\"size-medium wp-image-692 alignright\" src=\"https:\/\/www.tomliehr.de\/blog\/wp-content\/uploads\/2022\/11\/paolo-300x295.jpg\" alt=\"\" width=\"300\" height=\"295\" srcset=\"https:\/\/www.tomliehr.de\/blog\/wp-content\/uploads\/2022\/11\/paolo-300x295.jpg 300w, https:\/\/www.tomliehr.de\/blog\/wp-content\/uploads\/2022\/11\/paolo.jpg 651w\" sizes=\"auto, (max-width: 300px) 100vw, 300px\" \/><\/a>nur 14 \u20ac erh\u00e4ltlich. Lest es. Alle! Oder h\u00f6rt Euch das gro\u00dfartige H\u00f6rbuch an, das der gro\u00dfartige Thomas Nicolai eingesprochen hat!<\/p>\n<p>Ich freue mich. Auch auf Eure R\u00fcckmeldungen!<\/p>\n","protected":false},"excerpt":{"rendered":"<p>&#8230; bei Paolo. Denn am 15. November erscheint mein neuer, zw\u00f6lfter Roman, der so hei\u00dft. Im gepflegten Handel f\u00fcr nur 14 \u20ac erh\u00e4ltlich. Lest es. Alle! Oder h\u00f6rt Euch das gro\u00dfartige H\u00f6rbuch an, das der gro\u00dfartige Thomas Nicolai eingesprochen hat! Ich freue mich. Auch auf Eure R\u00fcckmeldungen!<\/p>\n","protected":false},"author":1,"featured_media":0,"comment_status":"closed","ping_status":"closed","sticky":false,"template":"","format":"standard","meta":{"footnotes":""},"categories":[1,114,4],"tags":[21,19,18,127,119,86,128,12,129],"class_list":["post-691","post","type-post","status-publish","format-standard","hentry","category-allgemein","category-eigene-texte","category-news","tag-aufbau","tag-auflage","tag-deutschland","tag-freitags-bei-paolo","tag-hoerbuch","tag-roman","tag-thomas-nicolai","tag-tom-liehr","tag-veroeffentlichen"],"_links":{"self":[{"href":"https:\/\/www.tomliehr.de\/index.php?rest_route=\/wp\/v2\/posts\/691","targetHints":{"allow":["GET"]}}],"collection":[{"href":"https:\/\/www.tomliehr.de\/index.php?rest_route=\/wp\/v2\/posts"}],"about":[{"href":"https:\/\/www.tomliehr.de\/index.php?rest_route=\/wp\/v2\/types\/post"}],"author":[{"embeddable":true,"href":"https:\/\/www.tomliehr.de\/index.php?rest_route=\/wp\/v2\/users\/1"}],"replies":[{"embeddable":true,"href":"https:\/\/www.tomliehr.de\/index.php?rest_route=%2Fwp%2Fv2%2Fcomments&post=691"}],"version-history":[{"count":5,"href":"https:\/\/www.tomliehr.de\/index.php?rest_route=\/wp\/v2\/posts\/691\/revisions"}],"predecessor-version":[{"id":716,"href":"https:\/\/www.tomliehr.de\/index.php?rest_route=\/wp\/v2\/posts\/691\/revisions\/716"}],"wp:attachment":[{"href":"https:\/\/www.tomliehr.de\/index.php?rest_route=%2Fwp%2Fv2%2Fmedia&parent=691"}],"wp:term":[{"taxonomy":"category","embeddable":true,"href":"https:\/\/www.tomliehr.de\/index.php?rest_route=%2Fwp%2Fv2%2Fcategories&post=691"},{"taxonomy":"post_tag","embeddable":true,"href":"https:\/\/www.tomliehr.de\/index.php?rest_route=%2Fwp%2Fv2%2Ftags&post=691"}],"curies":[{"name":"wp","href":"https:\/\/api.w.org\/{rel}","templated":true}]}}