{"id":674,"date":"2022-06-16T16:15:44","date_gmt":"2022-06-16T14:15:44","guid":{"rendered":"https:\/\/www.tomliehr.de\/?p=674"},"modified":"2023-04-11T16:45:50","modified_gmt":"2023-04-11T14:45:50","slug":"immer-freitags-ab-november-22","status":"publish","type":"post","link":"https:\/\/www.tomliehr.de\/?p=674","title":{"rendered":"Immer Freitags, ab November &#8217;22"},"content":{"rendered":"<p>Hach, wie ist das sch\u00f6n. Dieses Cover, beispielsweise, echt zum Niederknien.\u00a0 Oder dass ich diese Geschichte schreiben durfte. Oder wie hinrei\u00dfend alle bei Aufbau zu mir sind.<a href=\"https:\/\/shop.autorenwelt.de\/products\/freitags-bei-paolo-von-tom-liehr?variant=40015059910749\" target=\"_blank\" rel=\"noopener\"><img loading=\"lazy\" decoding=\"async\" class=\"size-medium wp-image-669 alignright\" src=\"https:\/\/www.tomliehr.de\/blog\/wp-content\/uploads\/2022\/06\/paolo-182x300.jpg\" alt=\"\" width=\"182\" height=\"300\" srcset=\"https:\/\/www.tomliehr.de\/blog\/wp-content\/uploads\/2022\/06\/paolo-182x300.jpg 182w, https:\/\/www.tomliehr.de\/blog\/wp-content\/uploads\/2022\/06\/paolo.jpg 363w\" sizes=\"auto, (max-width: 182px) 100vw, 182px\" \/><\/a><\/p>\n<p>Es ist schon mein zw\u00f6lfter Roman, er erscheint im November 2022, und er erz\u00e4hlt die Geschichte von Marie und Clemens Freitag, also von den Freitags, die freitags immer zu ihrem Lieblingsitaliener gehen, zu Paolo. Seit ihrem Kennenlernen vor zwanzig Jahren sind sie das ideale Paar, werden von allen beneidet und leben vor, wie Liebe sein kann. Bis sie auf einmal feststellen, dass sie eigentlich l\u00e4ngst nicht mehr da ist, diese Liebe &#8230;<\/p>\n<p>Ich freue mich wie eine T\u00fcte Nudeln auf dieses Buch und \u00fcber dieses Cover und \u00fcbrigens ganz besonders dar\u00fcber, dass mein guter Freund, der Comedian Thomas Nicolai, das H\u00f6rbuch sprechen wird. Wenn bis zum Herbst also nicht die Welt v\u00f6llig aus den Angeln gehoben wird &#8211; freut Euch mit mir! \ud83d\ude42<\/p>\n<p>(Und, nein, im Titel dieses Beitrags ist kein Schreibfehler.)<\/p>\n","protected":false},"excerpt":{"rendered":"<p>Hach, wie ist das sch\u00f6n. Dieses Cover, beispielsweise, echt zum Niederknien.\u00a0 Oder dass ich diese Geschichte schreiben durfte. Oder wie hinrei\u00dfend alle bei Aufbau zu mir sind. Es ist schon mein zw\u00f6lfter Roman, er erscheint im November 2022, und er erz\u00e4hlt die Geschichte von Marie und Clemens Freitag, also von den Freitags, die freitags immer &hellip; <a href=\"https:\/\/www.tomliehr.de\/?p=674\" class=\"more-link\"><span class=\"screen-reader-text\">Immer Freitags, ab November &#8217;22<\/span> weiterlesen <span class=\"meta-nav\">&rarr;<\/span><\/a><\/p>\n","protected":false},"author":1,"featured_media":0,"comment_status":"closed","ping_status":"closed","sticky":false,"template":"","format":"standard","meta":{"footnotes":""},"categories":[1,5,4],"tags":[21,22,18,127,128,12,15,10],"class_list":["post-674","post","type-post","status-publish","format-standard","hentry","category-allgemein","category-literaturszene","category-news","tag-aufbau","tag-cover","tag-deutschland","tag-freitags-bei-paolo","tag-thomas-nicolai","tag-tom-liehr","tag-veroffentlichen","tag-verlag"],"_links":{"self":[{"href":"https:\/\/www.tomliehr.de\/index.php?rest_route=\/wp\/v2\/posts\/674","targetHints":{"allow":["GET"]}}],"collection":[{"href":"https:\/\/www.tomliehr.de\/index.php?rest_route=\/wp\/v2\/posts"}],"about":[{"href":"https:\/\/www.tomliehr.de\/index.php?rest_route=\/wp\/v2\/types\/post"}],"author":[{"embeddable":true,"href":"https:\/\/www.tomliehr.de\/index.php?rest_route=\/wp\/v2\/users\/1"}],"replies":[{"embeddable":true,"href":"https:\/\/www.tomliehr.de\/index.php?rest_route=%2Fwp%2Fv2%2Fcomments&post=674"}],"version-history":[{"count":7,"href":"https:\/\/www.tomliehr.de\/index.php?rest_route=\/wp\/v2\/posts\/674\/revisions"}],"predecessor-version":[{"id":718,"href":"https:\/\/www.tomliehr.de\/index.php?rest_route=\/wp\/v2\/posts\/674\/revisions\/718"}],"wp:attachment":[{"href":"https:\/\/www.tomliehr.de\/index.php?rest_route=%2Fwp%2Fv2%2Fmedia&parent=674"}],"wp:term":[{"taxonomy":"category","embeddable":true,"href":"https:\/\/www.tomliehr.de\/index.php?rest_route=%2Fwp%2Fv2%2Fcategories&post=674"},{"taxonomy":"post_tag","embeddable":true,"href":"https:\/\/www.tomliehr.de\/index.php?rest_route=%2Fwp%2Fv2%2Ftags&post=674"}],"curies":[{"name":"wp","href":"https:\/\/api.w.org\/{rel}","templated":true}]}}