{"id":662,"date":"2022-06-16T13:40:29","date_gmt":"2022-06-16T11:40:29","guid":{"rendered":"https:\/\/www.tomliehr.de\/?p=662"},"modified":"2023-04-11T16:46:39","modified_gmt":"2023-04-11T14:46:39","slug":"pen-berlin-ich-bin-dabei","status":"publish","type":"post","link":"https:\/\/www.tomliehr.de\/?p=662","title":{"rendered":"PEN Berlin &#8211; ich bin dabei"},"content":{"rendered":"<p>Als das PEN-Zentrum Deutschland im Mai 2022 in Gotha tagte, <a href=\"https:\/\/www.penberlin.de\" target=\"_blank\" rel=\"noopener\"><img loading=\"lazy\" decoding=\"async\" class=\"size-full wp-image-663 alignright\" src=\"https:\/\/www.tomliehr.de\/blog\/wp-content\/uploads\/2022\/06\/penberlin.webp\" alt=\"\" width=\"250\" height=\"250\" srcset=\"https:\/\/www.tomliehr.de\/blog\/wp-content\/uploads\/2022\/06\/penberlin.webp 250w, https:\/\/www.tomliehr.de\/blog\/wp-content\/uploads\/2022\/06\/penberlin-150x150.webp 150w\" sizes=\"auto, (max-width: 250px) 100vw, 250px\" \/><\/a>sollte dort u.a. \u00fcber meinen Zuwahlantrag entschieden werden. Dazu kam es aufgrund der Turbulenzen rund um die Pr\u00e4sidentschaft von Deniz Y\u00fccel dann leider nicht mehr. Ein ziemlich rasant herbeigef\u00fchrtes, aber nicht unbedingt erwartetes Ergebnis dieser Turbulenzen war am 10.6.2022 die Neugr\u00fcndung des &#8222;PEN Berlin&#8220;, bei der ich dabeisein durfte. Wenn sich die Turbulenzen gelegt haben, wird sich der neue PEN hoffentlich in erster Linie seiner Hauptaufgabe widmen k\u00f6nnen, n\u00e4mlich dem Schutz der Freiheit des Wortes und jener, die in Gefahr geraten, weil sie diese Freiheit f\u00fcr sich in Anspruch zu nehmen versucht haben. Diese Aufgabe ist jederzeit von enormer Wichtigkeit, aber derzeit in ganz besonderer Weise.<\/p>\n","protected":false},"excerpt":{"rendered":"<p>Als das PEN-Zentrum Deutschland im Mai 2022 in Gotha tagte, sollte dort u.a. \u00fcber meinen Zuwahlantrag entschieden werden. Dazu kam es aufgrund der Turbulenzen rund um die Pr\u00e4sidentschaft von Deniz Y\u00fccel dann leider nicht mehr. Ein ziemlich rasant herbeigef\u00fchrtes, aber nicht unbedingt erwartetes Ergebnis dieser Turbulenzen war am 10.6.2022 die Neugr\u00fcndung des &#8222;PEN Berlin&#8220;, bei &hellip; <a href=\"https:\/\/www.tomliehr.de\/?p=662\" class=\"more-link\"><span class=\"screen-reader-text\">PEN Berlin &#8211; ich bin dabei<\/span> weiterlesen <span class=\"meta-nav\">&rarr;<\/span><\/a><\/p>\n","protected":false},"author":1,"featured_media":0,"comment_status":"open","ping_status":"closed","sticky":false,"template":"","format":"standard","meta":{"footnotes":""},"categories":[5,4],"tags":[123,124,126,122,12,125],"class_list":["post-662","post","type-post","status-publish","format-standard","hentry","category-literaturszene","category-news","tag-berlin","tag-gotha","tag-meinungsfreiheit","tag-pen","tag-tom-liehr","tag-yuecel"],"_links":{"self":[{"href":"https:\/\/www.tomliehr.de\/index.php?rest_route=\/wp\/v2\/posts\/662","targetHints":{"allow":["GET"]}}],"collection":[{"href":"https:\/\/www.tomliehr.de\/index.php?rest_route=\/wp\/v2\/posts"}],"about":[{"href":"https:\/\/www.tomliehr.de\/index.php?rest_route=\/wp\/v2\/types\/post"}],"author":[{"embeddable":true,"href":"https:\/\/www.tomliehr.de\/index.php?rest_route=\/wp\/v2\/users\/1"}],"replies":[{"embeddable":true,"href":"https:\/\/www.tomliehr.de\/index.php?rest_route=%2Fwp%2Fv2%2Fcomments&post=662"}],"version-history":[{"count":5,"href":"https:\/\/www.tomliehr.de\/index.php?rest_route=\/wp\/v2\/posts\/662\/revisions"}],"predecessor-version":[{"id":719,"href":"https:\/\/www.tomliehr.de\/index.php?rest_route=\/wp\/v2\/posts\/662\/revisions\/719"}],"wp:attachment":[{"href":"https:\/\/www.tomliehr.de\/index.php?rest_route=%2Fwp%2Fv2%2Fmedia&parent=662"}],"wp:term":[{"taxonomy":"category","embeddable":true,"href":"https:\/\/www.tomliehr.de\/index.php?rest_route=%2Fwp%2Fv2%2Fcategories&post=662"},{"taxonomy":"post_tag","embeddable":true,"href":"https:\/\/www.tomliehr.de\/index.php?rest_route=%2Fwp%2Fv2%2Ftags&post=662"}],"curies":[{"name":"wp","href":"https:\/\/api.w.org\/{rel}","templated":true}]}}