{"id":649,"date":"2021-12-21T18:05:58","date_gmt":"2021-12-21T16:05:58","guid":{"rendered":"https:\/\/www.tomliehr.de\/?p=649"},"modified":"2023-04-11T16:55:21","modified_gmt":"2023-04-11T14:55:21","slug":"spaete-ehre-fuer-pauschaltourist","status":"publish","type":"post","link":"https:\/\/www.tomliehr.de\/?p=649","title":{"rendered":"Sp\u00e4te Ehre f\u00fcr &#8222;Pauschaltourist&#8220;"},"content":{"rendered":"<p>Nach &#8222;Idiotentest&#8220; ist nun auch &#8222;Pauschaltourist&#8220; (2009) von Jona Mues f\u00fcr &#8222;Fine Voices&#8220; ganz hinrei\u00dfend eingelesen worden. Das H\u00f6rbuch gibt&#8217;s bei Spotify, Deezer, Apple und bei Audible &#8211; n\u00e4here Infos <a href=\"https:\/\/finevoices.de\/hoerbuecher\/22689\" target=\"_blank\" rel=\"noopener\">hier<\/a>. Die politisch nicht immer korrekte, recht am\u00fcsante Geschichte um den Reisejournalisten Nikolas Sender, der mit seiner burschikosen und unter Flugangst leidenden Kollegin Nina Blume in die Pauschalh\u00f6llen rund ums Mittelmeer geschickt wird, passt m\u00f6glicherweise nicht ganz pr\u00e4zise in die Jahreszeit, aber vielleicht n\u00e4hrt sie die Hoffnung darauf, dass der n\u00e4chste Sommerurlaub irgendwie stattfinden kann, unter dem Motto: &#8222;Willkommen in meinem Land!&#8220; Enjoy! \ud83d\ude42<\/p>\n<p><img decoding=\"async\" src=\"https:\/\/wp.finevoices.de\/wp-content\/uploads\/2021\/11\/4251888719706_1200-300x300.jpg\" \/><\/p>\n","protected":false},"excerpt":{"rendered":"<p>Nach &#8222;Idiotentest&#8220; ist nun auch &#8222;Pauschaltourist&#8220; (2009) von Jona Mues f\u00fcr &#8222;Fine Voices&#8220; ganz hinrei\u00dfend eingelesen worden. Das H\u00f6rbuch gibt&#8217;s bei Spotify, Deezer, Apple und bei Audible &#8211; n\u00e4here Infos hier. Die politisch nicht immer korrekte, recht am\u00fcsante Geschichte um den Reisejournalisten Nikolas Sender, der mit seiner burschikosen und unter Flugangst leidenden Kollegin Nina Blume &hellip; <a href=\"https:\/\/www.tomliehr.de\/?p=649\" class=\"more-link\"><span class=\"screen-reader-text\">Sp\u00e4te Ehre f\u00fcr &#8222;Pauschaltourist&#8220;<\/span> weiterlesen <span class=\"meta-nav\">&rarr;<\/span><\/a><\/p>\n","protected":false},"author":1,"featured_media":0,"comment_status":"closed","ping_status":"closed","sticky":false,"template":"","format":"standard","meta":{"footnotes":""},"categories":[1,114,4],"tags":[21,119,120,36,9,12],"class_list":["post-649","post","type-post","status-publish","format-standard","hentry","category-allgemein","category-eigene-texte","category-news","tag-aufbau","tag-hoerbuch","tag-jona-mues","tag-lesung","tag-pauschaltourist","tag-tom-liehr"],"_links":{"self":[{"href":"https:\/\/www.tomliehr.de\/index.php?rest_route=\/wp\/v2\/posts\/649","targetHints":{"allow":["GET"]}}],"collection":[{"href":"https:\/\/www.tomliehr.de\/index.php?rest_route=\/wp\/v2\/posts"}],"about":[{"href":"https:\/\/www.tomliehr.de\/index.php?rest_route=\/wp\/v2\/types\/post"}],"author":[{"embeddable":true,"href":"https:\/\/www.tomliehr.de\/index.php?rest_route=\/wp\/v2\/users\/1"}],"replies":[{"embeddable":true,"href":"https:\/\/www.tomliehr.de\/index.php?rest_route=%2Fwp%2Fv2%2Fcomments&post=649"}],"version-history":[{"count":5,"href":"https:\/\/www.tomliehr.de\/index.php?rest_route=\/wp\/v2\/posts\/649\/revisions"}],"predecessor-version":[{"id":713,"href":"https:\/\/www.tomliehr.de\/index.php?rest_route=\/wp\/v2\/posts\/649\/revisions\/713"}],"wp:attachment":[{"href":"https:\/\/www.tomliehr.de\/index.php?rest_route=%2Fwp%2Fv2%2Fmedia&parent=649"}],"wp:term":[{"taxonomy":"category","embeddable":true,"href":"https:\/\/www.tomliehr.de\/index.php?rest_route=%2Fwp%2Fv2%2Fcategories&post=649"},{"taxonomy":"post_tag","embeddable":true,"href":"https:\/\/www.tomliehr.de\/index.php?rest_route=%2Fwp%2Fv2%2Ftags&post=649"}],"curies":[{"name":"wp","href":"https:\/\/api.w.org\/{rel}","templated":true}]}}