{"id":633,"date":"2021-10-15T13:31:09","date_gmt":"2021-10-15T11:31:09","guid":{"rendered":"https:\/\/www.tomliehr.de\/?p=633"},"modified":"2023-04-11T16:47:50","modified_gmt":"2023-04-11T14:47:50","slug":"es-ist-nie-zu-spaet-fuer-idiotentest","status":"publish","type":"post","link":"https:\/\/www.tomliehr.de\/?p=633","title":{"rendered":"Es ist nie zu sp\u00e4t f\u00fcr &#8222;Idiotentest&#8220; &#8230;"},"content":{"rendered":"<p>&#8230; zum Beispiel als H\u00f6rbuch. Das ist im Sommer 2021 produziert worden und seit Oktober 2021 erh\u00e4ltlich, gro\u00dfartig eingelesen von <a href=\"https:\/\/de.wikipedia.org\/wiki\/Jona_Mues\" target=\"_blank\" rel=\"noopener\">Jona Mues<\/a>. Von meinen \u00e4lteren Titeln &#8211; &#8222;Idiotentest&#8220; ist 2005 erschienen &#8211; wird in K\u00fcrze auch noch &#8222;Pauschaltourist&#8220; als ungek\u00fcrztes H\u00f6rbuch folgen.<\/p>\n<p><a href=\"https:\/\/www.buecher.de\/shop\/hoerbuecher\/idiotentest-ungekuerzt-mp3-download\/liehr-tom\/products_products\/detail\/prod_id\/62616567\/\" target=\"_blank\" rel=\"noopener\"><img decoding=\"async\" src=\"https:\/\/bilder.buecher.de\/produkte\/62\/62616\/62616567n.jpg\" \/><\/a><\/p>\n<p>FineVoices hat mit Jona Mues auch ein kleines Video dazu gemacht:<\/p>\n<p><iframe loading=\"lazy\" title=\"WG-Leben extrem: Jona Mues liest &quot;Idiotentest&quot; von Tom Liehr\" width=\"604\" height=\"340\" src=\"https:\/\/www.youtube.com\/embed\/nP4H7S7HKzI?feature=oembed\" frameborder=\"0\" allow=\"accelerometer; autoplay; clipboard-write; encrypted-media; gyroscope; picture-in-picture; web-share\" referrerpolicy=\"strict-origin-when-cross-origin\" allowfullscreen><\/iframe><\/p>\n","protected":false},"excerpt":{"rendered":"<p>&#8230; zum Beispiel als H\u00f6rbuch. Das ist im Sommer 2021 produziert worden und seit Oktober 2021 erh\u00e4ltlich, gro\u00dfartig eingelesen von Jona Mues. Von meinen \u00e4lteren Titeln &#8211; &#8222;Idiotentest&#8220; ist 2005 erschienen &#8211; wird in K\u00fcrze auch noch &#8222;Pauschaltourist&#8220; als ungek\u00fcrztes H\u00f6rbuch folgen. FineVoices hat mit Jona Mues auch ein kleines Video dazu gemacht:<\/p>\n","protected":false},"author":1,"featured_media":0,"comment_status":"closed","ping_status":"closed","sticky":false,"template":"","format":"standard","meta":{"footnotes":""},"categories":[1,4],"tags":[21,119,8,120,12],"class_list":["post-633","post","type-post","status-publish","format-standard","hentry","category-allgemein","category-news","tag-aufbau","tag-hoerbuch","tag-idiotentest","tag-jona-mues","tag-tom-liehr"],"_links":{"self":[{"href":"https:\/\/www.tomliehr.de\/index.php?rest_route=\/wp\/v2\/posts\/633","targetHints":{"allow":["GET"]}}],"collection":[{"href":"https:\/\/www.tomliehr.de\/index.php?rest_route=\/wp\/v2\/posts"}],"about":[{"href":"https:\/\/www.tomliehr.de\/index.php?rest_route=\/wp\/v2\/types\/post"}],"author":[{"embeddable":true,"href":"https:\/\/www.tomliehr.de\/index.php?rest_route=\/wp\/v2\/users\/1"}],"replies":[{"embeddable":true,"href":"https:\/\/www.tomliehr.de\/index.php?rest_route=%2Fwp%2Fv2%2Fcomments&post=633"}],"version-history":[{"count":5,"href":"https:\/\/www.tomliehr.de\/index.php?rest_route=\/wp\/v2\/posts\/633\/revisions"}],"predecessor-version":[{"id":721,"href":"https:\/\/www.tomliehr.de\/index.php?rest_route=\/wp\/v2\/posts\/633\/revisions\/721"}],"wp:attachment":[{"href":"https:\/\/www.tomliehr.de\/index.php?rest_route=%2Fwp%2Fv2%2Fmedia&parent=633"}],"wp:term":[{"taxonomy":"category","embeddable":true,"href":"https:\/\/www.tomliehr.de\/index.php?rest_route=%2Fwp%2Fv2%2Fcategories&post=633"},{"taxonomy":"post_tag","embeddable":true,"href":"https:\/\/www.tomliehr.de\/index.php?rest_route=%2Fwp%2Fv2%2Ftags&post=633"}],"curies":[{"name":"wp","href":"https:\/\/api.w.org\/{rel}","templated":true}]}}