{"id":608,"date":"2021-03-30T15:01:30","date_gmt":"2021-03-30T13:01:30","guid":{"rendered":"https:\/\/www.tomliehr.de\/?p=608"},"modified":"2023-04-11T18:23:52","modified_gmt":"2023-04-11T16:23:52","slug":"mal-was-luerisches","status":"publish","type":"post","link":"https:\/\/www.tomliehr.de\/?p=608","title":{"rendered":"Mal was L\u00fcrisches &#8230;"},"content":{"rendered":"<p><em>Wer sich in diesem Text wiederfindet, darf sich behalten. Der gelegentlich genannte Sack ist metaphorisch und nicht anatomisch gemeint. Weil dieser Text eine nahezu lyrische Form hat, habe ich ihn entsprechend betitelt. Ich bin kein L\u00fcriker und entschuldige mich vorsorglich f\u00fcr die Anma\u00dfung.<\/em><\/p>\n<h2>Sackgedicht <a href=\"https:\/\/www.tomliehr.de\/blog\/wp-content\/uploads\/2021\/03\/sack.png\"><img loading=\"lazy\" decoding=\"async\" class=\"alignright size-medium wp-image-609\" src=\"https:\/\/www.tomliehr.de\/blog\/wp-content\/uploads\/2021\/03\/sack-300x225.png\" alt=\"\" width=\"300\" height=\"225\" srcset=\"https:\/\/www.tomliehr.de\/blog\/wp-content\/uploads\/2021\/03\/sack-300x225.png 300w, https:\/\/www.tomliehr.de\/blog\/wp-content\/uploads\/2021\/03\/sack-1024x768.png 1024w, https:\/\/www.tomliehr.de\/blog\/wp-content\/uploads\/2021\/03\/sack-768x576.png 768w, https:\/\/www.tomliehr.de\/blog\/wp-content\/uploads\/2021\/03\/sack-1536x1152.png 1536w, https:\/\/www.tomliehr.de\/blog\/wp-content\/uploads\/2021\/03\/sack-2048x1536.png 2048w\" sizes=\"auto, (max-width: 300px) 100vw, 300px\" \/><\/a><\/h2>\n<p><strong>Mir<\/strong> gehen Leute auf den Sack, die sich f\u00fcr besser als alle anderen halten. Mir gehen Leute auf den Sack, die meinen, mehr Rechte als andere zu haben. Mir gehen Leute auf den Sack, die sich selbst \u00fcberh\u00f6hen, weil sie annehmen, ihr pers\u00f6nliches Schicksal oder das einer Gruppe, der sie sich zugeh\u00f6rig f\u00fchlen, w\u00fcrde das legitimieren.<\/p>\n<p><strong>Mir<\/strong> gehen einige Leute mit heller Hautfarbe auf den Sack, aber nicht wegen ihrer Hautfarbe. Mir gehen einige Leute mit dunkler Hautfarbe auf den Sack, aber nicht wegen ihrer Hautfarbe. Mir gehen Leute auf den Sack, die die Hautfarbe f\u00fcr relevant halten, wenn es um die Bewertung von Menschen oder ihrer \u00c4u\u00dferungen geht. Mir gehen Leute auf den Sack, die Menschen bewerten. Mir gehen Leute auf den Sack, die denken, man w\u00fcrde sie oder ihre Merkmale bewerten, wenn man erkl\u00e4rt, dass sie einem auf den Sack gehen.<\/p>\n<p><strong>Mir<\/strong> gehen einige Leute auf den Sack, die homosexuell oder bisexuell sind, aber nicht, weil sie homosexuell oder bisexuell sind. Mir gehen einige Leute auf den Sack, die heterosexuell oder asexuell oder metrosexuell sind, aber nicht, weil sie heterosexuell, asexuell oder metrosexuell sind. Mir gehen bemerkenswert viele Leute auf den Sack, von denen ich die sexuelle Orientierung nicht kenne und deren sexuelle Orientierung mich auch nicht interessiert. Mir gehen Leute auf den Sack, denen die sexuelle Orientierung bei Fragen nicht egal ist, die nichts mit der sexuellen Orientierung zu tun haben.<\/p>\n<p><strong>Mir<\/strong> gehen einige Frauen auf den Sack und nicht wenige M\u00e4nner, aber nicht, weil sie M\u00e4nner oder Frauen sind. Mir gehen m\u00f6glicherweise einige Menschen auf den Sack, die Transpersonen sind, aber nicht deshalb. Mit gehen Leute auf den Sack, die das Geschlecht bei Fragen f\u00fcr relevant halten, die nichts mit dem Geschlecht zu tun haben.<\/p>\n<p><strong>Mir<\/strong> gehen Leute auf den Sack, die meinen, Identit\u00e4t lie\u00dfe sich auf wenige Merkmale reduzieren. Mir gehen Leute auf den Sack, die glauben, man k\u00f6nne Menschen \u00fcber sehr grobe K\u00e4mme scheren. Mir gehen Leute auf den Sack, die vorurteilsbehaftetes Handeln mit dem Kampf gegen Vorurteile begr\u00fcnden. Mir gehen Leute auf den Sack, die ein privilegiertes Schicksal unterstellen, ohne das jeweilige Schicksal zu kennen.<\/p>\n<p><strong>Mir<\/strong> gehen einige Leute auf den Sack, die Christen, Muslime, Juden, Buddhisten, Scientologen oder Angeh\u00f6rige irgendeiner anderen Religion oder Sekte sind, aber nicht, weil sie Christen, Muslime, Juden, Buddhisten, Scientologen oder Angeh\u00f6rige irgendeiner anderen Religion oder Sekte sind (okay, Scientologen sind eine Ausnahme). Mir gehen Sekten und Religionen auf den Sack, aber das ist hier nicht das Thema. Mir gehen auch einige Atheisten und Agnostiker auf den Sack, aber nicht, weil sie Atheisten oder Agnostiker sind. Mit gehen allerdings alle Mitglieder religi\u00f6ser Gruppen auf den Sack, die ihre Religion oder Gruppenzugeh\u00f6rigkeit als Rechtfertigung f\u00fcr die Anwendung von Gewalt betrachten. Doch, es ist hier auch Thema, dass mir Sekten und Religionen auf den Sack gehen.<\/p>\n<p><strong>Mir<\/strong> gehen Leute auf den Sack, die die Regeln und Grunds\u00e4tze ihrer eigenen Gruppe allen anderen Menschen zur Vorschrift zu machen versuchen. Mir gehen Leute auf den Sack, die sich hinter Gruppen verschanzen. Mir gehen Leute auf den Sack, die anderen Menschen erkl\u00e4ren, wie sie sich zu f\u00fchlen und zu verhalten haben, nur weil sie die gleichen Merkmale wie diese aufweisen. Mir gehen Leute auf dem Sack, die sich als Anw\u00e4lte anderer inszenieren, ohne ein Mandat zu haben. Mir gehen Leute auf den Sack, die Allgemeingut wie die Sprache politisch zu instrumentalisieren versuchen &#8211; und vorgeben, es w\u00fcrde sich dabei um einen nat\u00fcrlichen Prozess handeln. Mir gehen Leute auf den Sack, die anderen vorschreiben, wie sie sich auszudr\u00fccken haben. Mir gehen Leute auf den Sack, die andere bedrohen, weil sie nicht ihren Vorstellungen entsprechend formulieren oder mit ihrer Kunst den falschen Standpunkt zu unterst\u00fctzen scheinen, und sei es in ironisierender Form. Mir gehen Leute auf den Sack, die ihre moralische Position f\u00fcr die einzig richtige halten. Mir gehen selbstgerechte Leute auf den Sack.<\/p>\n<p><strong>Ich<\/strong> gehe mir manchmal selbst auf den Sack.<\/p>\n<p><strong>Mir<\/strong> gehen Leute auf den Sack, die an Shitstorms teilnehmen, und dabei so tun, als w\u00e4ren sie nicht gewaltt\u00e4tig. Mir gehen Leute auf den Sack, die mit Gewalt drohen, wenn man sich nicht freiwillig ihrer Meinung oder Haltung anschlie\u00dfen will. Mir gehen Leute auf den Sack, die das Ergebnis einer gewaltsamen Durchsetzung als friedlichen Sieg feiern. Mir gehen Leute auf den Sack, die ihre Siege in Meinungsfragen feiern.<\/p>\n<p><strong>Mir<\/strong> gehen Leute auf den Sack, die meinen, etwas \u00fcber andere zu wissen, obwohl sie nur einige wenige Merkmale sehen. Mir gehen Leute auf den Sack, die jubeln, weil sie andere irgendwelchen Ismen zuordnen k\u00f6nnen, was sie an einigen wenigen Merkmalen festmachen. Mir gehen Leute auf den Sack, die Meinungen ablehnen und daraus eine Ablehnung der meinenden Personen formen, wof\u00fcr sie dann bei anderen werben, die mir auch auf den Sack gehen.<\/p>\n<p><strong>Mit<\/strong> gehen ausnahmslos alle Nazis auf den Sack.<\/p>\n<p><strong>Ich<\/strong> w\u00fcrde niemals einem Menschen Gewalt androhen oder antun, nur weil er mir auf den Sack geht.<\/p>\n<p><strong>Und<\/strong> die meisten Menschen mag ich sehr gerne.<\/p>\n","protected":false},"excerpt":{"rendered":"<p>Wer sich in diesem Text wiederfindet, darf sich behalten. Der gelegentlich genannte Sack ist metaphorisch und nicht anatomisch gemeint. Weil dieser Text eine nahezu lyrische Form hat, habe ich ihn entsprechend betitelt. Ich bin kein L\u00fcriker und entschuldige mich vorsorglich f\u00fcr die Anma\u00dfung. Sackgedicht Mir gehen Leute auf den Sack, die sich f\u00fcr besser als &hellip; <a href=\"https:\/\/www.tomliehr.de\/?p=608\" class=\"more-link\"><span class=\"screen-reader-text\">Mal was L\u00fcrisches &#8230;<\/span> weiterlesen <span class=\"meta-nav\">&rarr;<\/span><\/a><\/p>\n","protected":false},"author":1,"featured_media":0,"comment_status":"open","ping_status":"open","sticky":false,"template":"","format":"standard","meta":{"footnotes":""},"categories":[1,114],"tags":[113,116,115,117,12,112,118],"class_list":["post-608","post","type-post","status-publish","format-standard","hentry","category-allgemein","category-eigene-texte","tag-achtsamkeit","tag-luerik","tag-sack","tag-text","tag-tom-liehr","tag-umgang","tag-waszumdruebernachdenken"],"_links":{"self":[{"href":"https:\/\/www.tomliehr.de\/index.php?rest_route=\/wp\/v2\/posts\/608","targetHints":{"allow":["GET"]}}],"collection":[{"href":"https:\/\/www.tomliehr.de\/index.php?rest_route=\/wp\/v2\/posts"}],"about":[{"href":"https:\/\/www.tomliehr.de\/index.php?rest_route=\/wp\/v2\/types\/post"}],"author":[{"embeddable":true,"href":"https:\/\/www.tomliehr.de\/index.php?rest_route=\/wp\/v2\/users\/1"}],"replies":[{"embeddable":true,"href":"https:\/\/www.tomliehr.de\/index.php?rest_route=%2Fwp%2Fv2%2Fcomments&post=608"}],"version-history":[{"count":4,"href":"https:\/\/www.tomliehr.de\/index.php?rest_route=\/wp\/v2\/posts\/608\/revisions"}],"predecessor-version":[{"id":723,"href":"https:\/\/www.tomliehr.de\/index.php?rest_route=\/wp\/v2\/posts\/608\/revisions\/723"}],"wp:attachment":[{"href":"https:\/\/www.tomliehr.de\/index.php?rest_route=%2Fwp%2Fv2%2Fmedia&parent=608"}],"wp:term":[{"taxonomy":"category","embeddable":true,"href":"https:\/\/www.tomliehr.de\/index.php?rest_route=%2Fwp%2Fv2%2Fcategories&post=608"},{"taxonomy":"post_tag","embeddable":true,"href":"https:\/\/www.tomliehr.de\/index.php?rest_route=%2Fwp%2Fv2%2Ftags&post=608"}],"curies":[{"name":"wp","href":"https:\/\/api.w.org\/{rel}","templated":true}]}}