{"id":564,"date":"2020-05-07T11:03:47","date_gmt":"2020-05-07T09:03:47","guid":{"rendered":"http:\/\/www.tomliehr.de\/?p=564"},"modified":"2023-04-11T16:56:22","modified_gmt":"2023-04-11T14:56:22","slug":"die-wahrheit-muss-noch-bis-zum-herbst-warten","status":"publish","type":"post","link":"https:\/\/www.tomliehr.de\/?p=564","title":{"rendered":"Die Wahrheit muss noch bis zum Herbst warten"},"content":{"rendered":"<p>Es hat dieses Mal ein bisschen l\u00e4nger gedauert, und aufgrund der unerwarteten Umst\u00e4nde dauert es leider <em>noch<\/em> ein wenig l\u00e4nger. Eigentlich war mein elfter Roman <a href=\"https:\/\/www.tomliehr.de\/?page_id=497\"><strong>&#8222;Die Wahrheit \u00fcber Metting&#8220;<\/strong><\/a> f\u00fcr Ende Mai 2020 zur Ver\u00f6ffentlichung geplant. Weil aber in diesem Jahr vieles ganz anders ist, musste der Roman auf den Herbst verschoben werden, obwohl er l\u00e4ngst fertig ist. Der offizielle Erscheinungstermin ist nunmehr der 13. Oktober 2020. Ab diesem Tag k\u00f6nnt Ihr, wenn Ihr wollt &#8211; was m<a href=\"https:\/\/www.tomliehr.de\/?page_id=497\" target=\"_blank\" rel=\"noopener noreferrer\"><img loading=\"lazy\" decoding=\"async\" class=\"alignleft wp-image-499 size-medium\" src=\"http:\/\/www.tomliehr.de\/blog\/wp-content\/uploads\/2020\/03\/metting-198x300.jpg\" alt=\"Die Wahrheit \u00fcber Metting\" width=\"198\" height=\"300\" srcset=\"https:\/\/www.tomliehr.de\/blog\/wp-content\/uploads\/2020\/03\/metting-198x300.jpg 198w, https:\/\/www.tomliehr.de\/blog\/wp-content\/uploads\/2020\/03\/metting.jpg 329w\" sizes=\"auto, (max-width: 198px) 100vw, 198px\" \/><\/a>ich sehr, sehr freuen w\u00fcrde &#8211; alles dar\u00fcber erfahren, wie Tom\u00e1s Lebesanft in den sp\u00e4ten Siebzigern im nieders\u00e4chsischen Metting gro\u00df wird, und zwar im &#8222;Alten- und Pflegeheim Horizont&#8220; in Metting-Hasenh\u00fcgel, einem Randbezirk der (von mir erfundenen) Kleinstadt. Ihr k\u00f6nnt dann auch Marieluise Benedickt kennenlernen, Toms erste Freundin, oder Josefa, seine griechische Landschildkr\u00f6te, und au\u00dferdem seinen besten Freund Filip aus Metting-Zeck. Und Toms etwas eigenartige Eltern &#8211; und die anderen Bewohner des Pflegeheims. Aber das ist nur der Anfang der Geschichte &#8230;<\/p>\n<p>Auf die Ihr, wie erw\u00e4hnt, nun leider noch ein paar Monate warten m\u00fcsst. Ich hoffe sehr, dass wir alle diese Zeit gut \u00fcberstehen. Bleibt gesund!<\/p>\n<p>Herzlich,<br \/>\nEuer Tom<\/p>\n<p>P.S.: Wenn Ihr auf die Cover meiner B\u00fccher klickt, kommt Ihr nicht, wie Ihr das m\u00f6glicherweise gew\u00f6hnt seid, auf eine Amazon-Bestellseite. Ihr landet stattdessen im <a href=\"https:\/\/shop.autorenwelt.de\/?q=Tom%20Liehr&amp;hPP=18&amp;idx=shopify_prod_products&amp;p=0\" target=\"_blank\" rel=\"noopener noreferrer\"><strong>Autorenwelt-Buchshop<\/strong><\/a>. Die B\u00fccher, die Ihr dort bestellt &#8211; und das Sortiment ist umfassend -, liefert Euch <em>libri<\/em> nach Hause, aber der Shop hat eine Besonderheit: Vom Buchpreis geht ein kleiner Prozentsatz direkt an die Autoren, die sich dort registriert haben*. Wir bekommen n\u00e4mlich von jedem verkauften Buch normalerweise nur ein paar Cent, ganz unabh\u00e4ngig davon, wo es gekauft wird, und gerade Autoren, die keine Bestseller haben, verdienen auf diese Weise ersch\u00fctternd wenig Geld. Wenn Ihr also dort bestellt &#8211; und genauso schnell Eure Lieferungen bekommt wie sonst auch -, tut Ihr etwas Gutes. Nicht nur f\u00fcr mich. (* und bei B\u00fcchern von Autoren, die sich nicht registriert haben, geht der Beitrag an Autorenvereinigungen)<\/p>\n","protected":false},"excerpt":{"rendered":"<p>Es hat dieses Mal ein bisschen l\u00e4nger gedauert, und aufgrund der unerwarteten Umst\u00e4nde dauert es leider noch ein wenig l\u00e4nger. Eigentlich war mein elfter Roman &#8222;Die Wahrheit \u00fcber Metting&#8220; f\u00fcr Ende Mai 2020 zur Ver\u00f6ffentlichung geplant. Weil aber in diesem Jahr vieles ganz anders ist, musste der Roman auf den Herbst verschoben werden, obwohl er &hellip; <a href=\"https:\/\/www.tomliehr.de\/?p=564\" class=\"more-link\"><span class=\"screen-reader-text\">Die Wahrheit muss noch bis zum Herbst warten<\/span> weiterlesen <span class=\"meta-nav\">&rarr;<\/span><\/a><\/p>\n","protected":false},"author":1,"featured_media":0,"comment_status":"open","ping_status":"open","sticky":false,"template":"","format":"standard","meta":{"footnotes":""},"categories":[1,5,4],"tags":[19,22,18,104,105,78,12,10,129],"class_list":["post-564","post","type-post","status-publish","format-standard","hentry","category-allgemein","category-literaturszene","category-news","tag-auflage","tag-cover","tag-deutschland","tag-metting","tag-rororo","tag-rowohlt","tag-tom-liehr","tag-verlag","tag-veroeffentlichen"],"_links":{"self":[{"href":"https:\/\/www.tomliehr.de\/index.php?rest_route=\/wp\/v2\/posts\/564","targetHints":{"allow":["GET"]}}],"collection":[{"href":"https:\/\/www.tomliehr.de\/index.php?rest_route=\/wp\/v2\/posts"}],"about":[{"href":"https:\/\/www.tomliehr.de\/index.php?rest_route=\/wp\/v2\/types\/post"}],"author":[{"embeddable":true,"href":"https:\/\/www.tomliehr.de\/index.php?rest_route=\/wp\/v2\/users\/1"}],"replies":[{"embeddable":true,"href":"https:\/\/www.tomliehr.de\/index.php?rest_route=%2Fwp%2Fv2%2Fcomments&post=564"}],"version-history":[{"count":6,"href":"https:\/\/www.tomliehr.de\/index.php?rest_route=\/wp\/v2\/posts\/564\/revisions"}],"predecessor-version":[{"id":727,"href":"https:\/\/www.tomliehr.de\/index.php?rest_route=\/wp\/v2\/posts\/564\/revisions\/727"}],"wp:attachment":[{"href":"https:\/\/www.tomliehr.de\/index.php?rest_route=%2Fwp%2Fv2%2Fmedia&parent=564"}],"wp:term":[{"taxonomy":"category","embeddable":true,"href":"https:\/\/www.tomliehr.de\/index.php?rest_route=%2Fwp%2Fv2%2Fcategories&post=564"},{"taxonomy":"post_tag","embeddable":true,"href":"https:\/\/www.tomliehr.de\/index.php?rest_route=%2Fwp%2Fv2%2Ftags&post=564"}],"curies":[{"name":"wp","href":"https:\/\/api.w.org\/{rel}","templated":true}]}}