{"id":454,"date":"2018-09-27T17:15:23","date_gmt":"2018-09-27T15:15:23","guid":{"rendered":"http:\/\/www.tomliehr.de\/?p=454"},"modified":"2023-04-11T16:57:54","modified_gmt":"2023-04-11T14:57:54","slug":"geisterfahrer-goes-graphic-novel","status":"publish","type":"post","link":"https:\/\/www.tomliehr.de\/?p=454","title":{"rendered":"&#8222;Geisterfahrer&#8220; goes Graphic Novel"},"content":{"rendered":"<p>Als er vor zweieinhalb oder drei Jahren zum ersten Mal mit mir Kontakt aufnahm und die Idee vorgestellt hat, habe ich das noch f\u00fcr aussichtslos gehalten, dann kamen die ersten Entw\u00fcrfe und zogen mir den Stecker, um es mit Herrndorf zu sagen. Inzwischen sind die Vertr\u00e4ge gemacht und die Ver\u00f6ffentlichung in einem kleinen, feinen Comicverlag steht an: Unter der Federf\u00fchrung des nach meinem Daf\u00fcrhalten kongenialen Daniel Haas, der es irgendwie geschafft hat, die Bilder aus meinem Kopfkino abzupausen, entsteht auf 64 Seiten und im Hardcover die Comicversion &#8211; sprich: die &#8222;Graphic Novel&#8220; &#8211; von\/zu &#8222;Geisterfahrer&#8220;, meinem vierten Roman aus dem Jahr 2008. Das Script stammt von Simon Traschinsky, und erscheinen wird das ganze bei <a href=\"https:\/\/www.epsilongrafix.de\/\" target=\"_blank\" rel=\"noopener\">EPSiLON<\/a>, wo Ihr es auch demn\u00e4chst (vor)bestellen k\u00f6nnt.<\/p>\n<p>Feink\u00f6rnig, oder?<\/p>\n<p>Hier zwei Kostproben:<\/p>\n<p><a href=\"http:\/\/www.tomliehr.de\/blog\/wp-content\/uploads\/2018\/09\/comic2.jpg\"><img loading=\"lazy\" decoding=\"async\" class=\"size-medium wp-image-455 alignleft\" src=\"http:\/\/www.tomliehr.de\/blog\/wp-content\/uploads\/2018\/09\/comic2-300x186.jpg\" alt=\"\" width=\"300\" height=\"186\" srcset=\"https:\/\/www.tomliehr.de\/blog\/wp-content\/uploads\/2018\/09\/comic2-300x186.jpg 300w, https:\/\/www.tomliehr.de\/blog\/wp-content\/uploads\/2018\/09\/comic2-768x475.jpg 768w, https:\/\/www.tomliehr.de\/blog\/wp-content\/uploads\/2018\/09\/comic2-150x93.jpg 150w, https:\/\/www.tomliehr.de\/blog\/wp-content\/uploads\/2018\/09\/comic2-400x248.jpg 400w, https:\/\/www.tomliehr.de\/blog\/wp-content\/uploads\/2018\/09\/comic2.jpg 950w\" sizes=\"auto, (max-width: 300px) 100vw, 300px\" \/><\/a> <a href=\"http:\/\/www.tomliehr.de\/blog\/wp-content\/uploads\/2018\/09\/comic1.jpg\"><img loading=\"lazy\" decoding=\"async\" class=\"size-medium wp-image-456 alignleft\" src=\"http:\/\/www.tomliehr.de\/blog\/wp-content\/uploads\/2018\/09\/comic1-300x279.jpg\" alt=\"\" width=\"300\" height=\"279\" srcset=\"https:\/\/www.tomliehr.de\/blog\/wp-content\/uploads\/2018\/09\/comic1-300x279.jpg 300w, https:\/\/www.tomliehr.de\/blog\/wp-content\/uploads\/2018\/09\/comic1-768x715.jpg 768w, https:\/\/www.tomliehr.de\/blog\/wp-content\/uploads\/2018\/09\/comic1-150x140.jpg 150w, https:\/\/www.tomliehr.de\/blog\/wp-content\/uploads\/2018\/09\/comic1-400x372.jpg 400w, https:\/\/www.tomliehr.de\/blog\/wp-content\/uploads\/2018\/09\/comic1.jpg 950w\" sizes=\"auto, (max-width: 300px) 100vw, 300px\" \/><\/a><\/p>\n","protected":false},"excerpt":{"rendered":"<p>Als er vor zweieinhalb oder drei Jahren zum ersten Mal mit mir Kontakt aufnahm und die Idee vorgestellt hat, habe ich das noch f\u00fcr aussichtslos gehalten, dann kamen die ersten Entw\u00fcrfe und zogen mir den Stecker, um es mit Herrndorf zu sagen. Inzwischen sind die Vertr\u00e4ge gemacht und die Ver\u00f6ffentlichung in einem kleinen, feinen Comicverlag &hellip; <a href=\"https:\/\/www.tomliehr.de\/?p=454\" class=\"more-link\"><span class=\"screen-reader-text\">&#8222;Geisterfahrer&#8220; goes Graphic Novel<\/span> weiterlesen <span class=\"meta-nav\">&rarr;<\/span><\/a><\/p>\n","protected":false},"author":1,"featured_media":0,"comment_status":"open","ping_status":"open","sticky":false,"template":"","format":"standard","meta":{"footnotes":""},"categories":[1,4],"tags":[21,100,98,97,7,101,99,12,10,129],"class_list":["post-454","post","type-post","status-publish","format-standard","hentry","category-allgemein","category-news","tag-aufbau","tag-comic","tag-daniel-haas","tag-epsilon","tag-geisterfahrer","tag-graphic-novel","tag-simon-traschinsky","tag-tom-liehr","tag-verlag","tag-veroeffentlichen"],"_links":{"self":[{"href":"https:\/\/www.tomliehr.de\/index.php?rest_route=\/wp\/v2\/posts\/454","targetHints":{"allow":["GET"]}}],"collection":[{"href":"https:\/\/www.tomliehr.de\/index.php?rest_route=\/wp\/v2\/posts"}],"about":[{"href":"https:\/\/www.tomliehr.de\/index.php?rest_route=\/wp\/v2\/types\/post"}],"author":[{"embeddable":true,"href":"https:\/\/www.tomliehr.de\/index.php?rest_route=\/wp\/v2\/users\/1"}],"replies":[{"embeddable":true,"href":"https:\/\/www.tomliehr.de\/index.php?rest_route=%2Fwp%2Fv2%2Fcomments&post=454"}],"version-history":[{"count":2,"href":"https:\/\/www.tomliehr.de\/index.php?rest_route=\/wp\/v2\/posts\/454\/revisions"}],"predecessor-version":[{"id":728,"href":"https:\/\/www.tomliehr.de\/index.php?rest_route=\/wp\/v2\/posts\/454\/revisions\/728"}],"wp:attachment":[{"href":"https:\/\/www.tomliehr.de\/index.php?rest_route=%2Fwp%2Fv2%2Fmedia&parent=454"}],"wp:term":[{"taxonomy":"category","embeddable":true,"href":"https:\/\/www.tomliehr.de\/index.php?rest_route=%2Fwp%2Fv2%2Fcategories&post=454"},{"taxonomy":"post_tag","embeddable":true,"href":"https:\/\/www.tomliehr.de\/index.php?rest_route=%2Fwp%2Fv2%2Ftags&post=454"}],"curies":[{"name":"wp","href":"https:\/\/api.w.org\/{rel}","templated":true}]}}