{"id":409,"date":"2017-04-12T14:13:19","date_gmt":"2017-04-12T12:13:19","guid":{"rendered":"http:\/\/www.tomliehr.de\/?p=409"},"modified":"2023-04-11T16:59:10","modified_gmt":"2023-04-11T14:59:10","slug":"leichtmatrosen-der-film-am-12-5-2017-in-der-ard","status":"publish","type":"post","link":"https:\/\/www.tomliehr.de\/?p=409","title":{"rendered":"Leichtmatrosen. Der Film. Am 12.5.2017 in der ARD."},"content":{"rendered":"<p>Der Film ist fertig &#8211; und er ist gro\u00dfartig geworden. Die drei Film-Leichtmatrosen Golo Euler, Stefan Sz\u00e1sz und Gabriel Merz passen perfekt, Susanne Bormann ist eine hinrei\u00dfende Cora, und \u00fcberhaupt sind Stimmung und Thema des Romans von Drehbuchautorin Silja Clemens und Regisseur Stefan Hering (und den vielen anderen Beteiligten) exzellent eingefangen. Ich hatte beim Screening am 8. April in Schw\u00e4bisch Gm\u00fcnd gro\u00dfen Spa\u00df. Riesigen Spa\u00df.<\/p>\n<p>Und Ihr k\u00f6nnt das auch, wenn Ihr wollt. Am Freitag, dem 12. Mai 2017, um 20.15 Uhr in der ARD.<\/p>\n<p>Hier ist der Trailer:<\/p>\n<figure id=\"attachment_410\" aria-describedby=\"caption-attachment-410\" style=\"width: 700px\" class=\"wp-caption aligncenter\"><a href=\"https:\/\/vimeo.com\/212587544\" target=\"_blank\" rel=\"noopener noreferrer\"><img loading=\"lazy\" decoding=\"async\" class=\"wp-image-410 size-full\" src=\"http:\/\/www.tomliehr.de\/blog\/wp-content\/uploads\/2017\/04\/lmtrailer.jpg\" alt=\"\" width=\"700\" height=\"430\" srcset=\"https:\/\/www.tomliehr.de\/blog\/wp-content\/uploads\/2017\/04\/lmtrailer.jpg 700w, https:\/\/www.tomliehr.de\/blog\/wp-content\/uploads\/2017\/04\/lmtrailer-300x184.jpg 300w, https:\/\/www.tomliehr.de\/blog\/wp-content\/uploads\/2017\/04\/lmtrailer-150x92.jpg 150w, https:\/\/www.tomliehr.de\/blog\/wp-content\/uploads\/2017\/04\/lmtrailer-400x246.jpg 400w\" sizes=\"auto, (max-width: 700px) 100vw, 700px\" \/><\/a><figcaption id=\"caption-attachment-410\" class=\"wp-caption-text\">Leichtmatrosen &#8211; der Trailer<\/figcaption><\/figure>\n<p>(<strong>Update<\/strong>: Die Leichtmatrosen schippern immer mal wieder durch die Kan\u00e4le, dritte wie erste. Und dann sind sie f\u00fcr eine Weile in den Mediatheken ladbar. Wer \u00fcber Sendetermine informiert werden will, kann sich z.B. bei <a href=\"https:\/\/www.wunschliste.de\/\" target=\"_blank\" rel=\"noopener noreferrer\">&#8222;TV-Wunschliste&#8220;<\/a> anmelden und Sendungsnamen hinterlegen, dann kommt automatisch eine Mail, sobald der Wiederholungstermin ansteht!)<\/p>\n","protected":false},"excerpt":{"rendered":"<p>Der Film ist fertig &#8211; und er ist gro\u00dfartig geworden. Die drei Film-Leichtmatrosen Golo Euler, Stefan Sz\u00e1sz und Gabriel Merz passen perfekt, Susanne Bormann ist eine hinrei\u00dfende Cora, und \u00fcberhaupt sind Stimmung und Thema des Romans von Drehbuchautorin Silja Clemens und Regisseur Stefan Hering (und den vielen anderen Beteiligten) exzellent eingefangen. Ich hatte beim Screening &hellip; <a href=\"https:\/\/www.tomliehr.de\/?p=409\" class=\"more-link\"><span class=\"screen-reader-text\">Leichtmatrosen. Der Film. Am 12.5.2017 in der ARD.<\/span> weiterlesen <span class=\"meta-nav\">&rarr;<\/span><\/a><\/p>\n","protected":false},"author":1,"featured_media":0,"comment_status":"open","ping_status":"open","sticky":false,"template":"","format":"standard","meta":{"footnotes":""},"categories":[1,4],"tags":[88,21,89,18,72,95,93,66,91,92,90,94,96,12],"class_list":["post-409","post","type-post","status-publish","format-standard","hentry","category-allgemein","category-news","tag-ard","tag-aufbau","tag-degeto","tag-deutschland","tag-film","tag-gabriel-merz","tag-golo-euler","tag-leichtmatrosen","tag-martin-heisler","tag-silja-clemens","tag-stefan-hering","tag-stefan-szasz","tag-susanne-bormann","tag-tom-liehr"],"_links":{"self":[{"href":"https:\/\/www.tomliehr.de\/index.php?rest_route=\/wp\/v2\/posts\/409","targetHints":{"allow":["GET"]}}],"collection":[{"href":"https:\/\/www.tomliehr.de\/index.php?rest_route=\/wp\/v2\/posts"}],"about":[{"href":"https:\/\/www.tomliehr.de\/index.php?rest_route=\/wp\/v2\/types\/post"}],"author":[{"embeddable":true,"href":"https:\/\/www.tomliehr.de\/index.php?rest_route=\/wp\/v2\/users\/1"}],"replies":[{"embeddable":true,"href":"https:\/\/www.tomliehr.de\/index.php?rest_route=%2Fwp%2Fv2%2Fcomments&post=409"}],"version-history":[{"count":8,"href":"https:\/\/www.tomliehr.de\/index.php?rest_route=\/wp\/v2\/posts\/409\/revisions"}],"predecessor-version":[{"id":729,"href":"https:\/\/www.tomliehr.de\/index.php?rest_route=\/wp\/v2\/posts\/409\/revisions\/729"}],"wp:attachment":[{"href":"https:\/\/www.tomliehr.de\/index.php?rest_route=%2Fwp%2Fv2%2Fmedia&parent=409"}],"wp:term":[{"taxonomy":"category","embeddable":true,"href":"https:\/\/www.tomliehr.de\/index.php?rest_route=%2Fwp%2Fv2%2Fcategories&post=409"},{"taxonomy":"post_tag","embeddable":true,"href":"https:\/\/www.tomliehr.de\/index.php?rest_route=%2Fwp%2Fv2%2Ftags&post=409"}],"curies":[{"name":"wp","href":"https:\/\/api.w.org\/{rel}","templated":true}]}}