{"id":394,"date":"2016-08-10T13:46:05","date_gmt":"2016-08-10T11:46:05","guid":{"rendered":"http:\/\/www.tomliehr.de\/?p=394"},"modified":"2023-04-11T17:01:03","modified_gmt":"2023-04-11T15:01:03","slug":"leinen-los-fuer-den-leichtmatrosen-film","status":"publish","type":"post","link":"https:\/\/www.tomliehr.de\/?p=394","title":{"rendered":"Leinen los f\u00fcr den &#8222;Leichtmatrosen&#8220;-Film!"},"content":{"rendered":"<p><a href=\"http:\/\/www.tomliehr.de\/blog\/wp-content\/uploads\/2016\/08\/IMG_1348.jpg\"><img loading=\"lazy\" decoding=\"async\" class=\"alignright size-medium wp-image-395\" src=\"http:\/\/www.tomliehr.de\/blog\/wp-content\/uploads\/2016\/08\/IMG_1348-300x225.jpg\" alt=\"IMG_1348\" width=\"300\" height=\"225\" srcset=\"https:\/\/www.tomliehr.de\/blog\/wp-content\/uploads\/2016\/08\/IMG_1348-300x225.jpg 300w, https:\/\/www.tomliehr.de\/blog\/wp-content\/uploads\/2016\/08\/IMG_1348-768x576.jpg 768w, https:\/\/www.tomliehr.de\/blog\/wp-content\/uploads\/2016\/08\/IMG_1348-1024x768.jpg 1024w, https:\/\/www.tomliehr.de\/blog\/wp-content\/uploads\/2016\/08\/IMG_1348-150x112.jpg 150w, https:\/\/www.tomliehr.de\/blog\/wp-content\/uploads\/2016\/08\/IMG_1348-400x300.jpg 400w, https:\/\/www.tomliehr.de\/blog\/wp-content\/uploads\/2016\/08\/IMG_1348.jpg 1306w\" sizes=\"auto, (max-width: 300px) 100vw, 300px\" \/><\/a>Am 17. August 2016 ist es so weit &#8211; der offizielle Drehstart f\u00fcr die Verfilmung meines achten Romans &#8222;<a href=\"http:\/\/www.tomliehr.de\/?page_id=272\">Leichtmatrosen<\/a>&#8220; (2013)! Nach nur knapp drei Jahren Vorbereitungszeit, was \u00fcbrigens ziemlich sportlich ist, bringt die &#8222;<a href=\"http:\/\/www.lichtblick-media.com\/spielfilme\/\" target=\"_blank\" rel=\"noopener\">Lichtblick Media<\/a>&#8220; f\u00fcr den S\u00fcdwestfunk und die ARD\/Degeto das &#8222;Roadmovie auf dem Wasser&#8220; (also quasi ein Rivermovie &lt;h\u00fcstel&gt;) ins Fernsehformat, f\u00fcr eine Ausstrahlung zur Prime-Time voraussichtlich im Fr\u00fchsommer 2017. Unter der Regie von Stefan Hering wird ein Drehbuch von Silja Clemens umgesetzt, unter anderem mit Golo Euler (Patrick), Stephan Sz\u00e1sz (Henner), Gabriel Merz (Simon) und Susanne Bormann (Cora). M\u00f6glicherweise gibt es auch eine kurze Szene, in der ich zu sehen sein werde. Produzent ist Martin Heisler. Und au\u00dferdem arbeiten gef\u00fchlt noch zwei Millionen weitere Leute mit. Der Aufwand ist wirklich gro\u00df.<\/p>\n<p>Das ist, vorsichtig gesagt, der Hammer. Aus meinem Plot und den Figuren, die ich mir ausgedacht habe, wird ein abendf\u00fcllender Spielfilm. W\u00e4hrend der vergangenen drei Jahre habe ich, wann immer ich darauf angesprochen wurde, gesagt, dass ich das sowieso erst glaube, wenn ich&#8217;s im Fernsehen sehe. Okay, ich erlaube mir, es jetzt schon zu glauben. Und mich zu freuen. Mich ordentlich zu freuen. Nein, au\u00dferordentlich. \u00c4u\u00dferst au\u00dferordentlich.<\/p>\n<p><strong>Feink\u00f6rnig!<\/strong><\/p>\n","protected":false},"excerpt":{"rendered":"<p>Am 17. August 2016 ist es so weit &#8211; der offizielle Drehstart f\u00fcr die Verfilmung meines achten Romans &#8222;Leichtmatrosen&#8220; (2013)! Nach nur knapp drei Jahren Vorbereitungszeit, was \u00fcbrigens ziemlich sportlich ist, bringt die &#8222;Lichtblick Media&#8220; f\u00fcr den S\u00fcdwestfunk und die ARD\/Degeto das &#8222;Roadmovie auf dem Wasser&#8220; (also quasi ein Rivermovie &lt;h\u00fcstel&gt;) ins Fernsehformat, f\u00fcr eine &hellip; <a href=\"https:\/\/www.tomliehr.de\/?p=394\" class=\"more-link\"><span class=\"screen-reader-text\">Leinen los f\u00fcr den &#8222;Leichtmatrosen&#8220;-Film!<\/span> weiterlesen <span class=\"meta-nav\">&rarr;<\/span><\/a><\/p>\n","protected":false},"author":1,"featured_media":0,"comment_status":"open","ping_status":"open","sticky":false,"template":"","format":"standard","meta":{"footnotes":""},"categories":[1],"tags":[21,82,72,66,83,42,84,12],"class_list":["post-394","post","type-post","status-publish","format-standard","hentry","category-allgemein","tag-aufbau","tag-fernsehen","tag-film","tag-leichtmatrosen","tag-lichtblick","tag-presse","tag-roadmovie","tag-tom-liehr"],"_links":{"self":[{"href":"https:\/\/www.tomliehr.de\/index.php?rest_route=\/wp\/v2\/posts\/394","targetHints":{"allow":["GET"]}}],"collection":[{"href":"https:\/\/www.tomliehr.de\/index.php?rest_route=\/wp\/v2\/posts"}],"about":[{"href":"https:\/\/www.tomliehr.de\/index.php?rest_route=\/wp\/v2\/types\/post"}],"author":[{"embeddable":true,"href":"https:\/\/www.tomliehr.de\/index.php?rest_route=\/wp\/v2\/users\/1"}],"replies":[{"embeddable":true,"href":"https:\/\/www.tomliehr.de\/index.php?rest_route=%2Fwp%2Fv2%2Fcomments&post=394"}],"version-history":[{"count":3,"href":"https:\/\/www.tomliehr.de\/index.php?rest_route=\/wp\/v2\/posts\/394\/revisions"}],"predecessor-version":[{"id":731,"href":"https:\/\/www.tomliehr.de\/index.php?rest_route=\/wp\/v2\/posts\/394\/revisions\/731"}],"wp:attachment":[{"href":"https:\/\/www.tomliehr.de\/index.php?rest_route=%2Fwp%2Fv2%2Fmedia&parent=394"}],"wp:term":[{"taxonomy":"category","embeddable":true,"href":"https:\/\/www.tomliehr.de\/index.php?rest_route=%2Fwp%2Fv2%2Fcategories&post=394"},{"taxonomy":"post_tag","embeddable":true,"href":"https:\/\/www.tomliehr.de\/index.php?rest_route=%2Fwp%2Fv2%2Ftags&post=394"}],"curies":[{"name":"wp","href":"https:\/\/api.w.org\/{rel}","templated":true}]}}