{"id":344,"date":"2014-12-01T19:09:35","date_gmt":"2014-12-01T17:09:35","guid":{"rendered":"http:\/\/www.tomliehr.de\/?p=344"},"modified":"2023-04-11T17:02:17","modified_gmt":"2023-04-11T15:02:17","slug":"alles-neu","status":"publish","type":"post","link":"https:\/\/www.tomliehr.de\/?p=344","title":{"rendered":"Ab August 2015 wird nachts getankt"},"content":{"rendered":"<p>Nein, dieser Roman wird keine Reminiszenz an jene Zeiten, als man sich des Nachts, wenn die Tankanzeige <em>&#8222;Running On Empty&#8220;<\/em> anzeigte, noch eine Tankstelle suchen musste, die ge\u00f6ffnet hatte. &#8222;Nachttankstelle&#8220; spielt in der Jetztzeit und in Berlin, genauer: In Neuk\u00f6lln. Jedenfalls \u00fcberwiegend.<\/p>\n<p>Das Buch handelt von Uwe Fiedler, 38, chronisch migr\u00e4nekrank. Er ist ein Gutmensch im positiveren Sinn des Wortes, leider aber auch ziemlich lethargisch und allgemein ver\u00e4nderungsscheu. Zehn Jahre hat er mit Ulrike zusammengelebt, aber das ist vorbei, und nun muss er wieder von vorne anfangen, oder eigentlich von hinten, denn es verschl\u00e4gt ihn aus dem possierlichen Berlin-Friedenau nach Neuk\u00f6lln. Dort lernt er die mysteri\u00f6se Tresenkraft Jessica kennen, in die er sich verliebt, und nachts, an der Tankstelle, wo Fiedler jobbt, den Hedonisten Dominik Matuschek, der zuerst sein Mentor wird, dann aber ziemlich schnell sein Widersacher. <a title=\"Bei Amazon bestellen\" href=\"http:\/\/www.amazon.de\/exec\/obidos\/ASIN\/3499269821\/wwwtomliehde-21\" target=\"_blank\" rel=\"noopener\"><img decoding=\"async\" class=\"alignright\" src=\"http:\/\/www.tomliehr.de\/blog\/wp-content\/themes\/atahualpa353\/images\/ntcover.png\" alt=\"\" \/><\/a><\/p>\n<p>In meinem immerhin schon neunten Roman geht es um Freundschaft, Liebe und all diese Dinge, um die es ohnehin immer geht, \u00fcbrigens auch in anderen Romanen, aber vor allem um Vertrauen, Ehrlichkeit und die Art, wie Menschen miteinander umgehen. Gentrifizierung spielt eine wichtige Rolle, es gibt eine Prise Verschw\u00f6rung und eine Wagenladung origineller Figuren, wie ich meine. &#8222;Nachttankstelle&#8220; ist witzig, lakonisch, manchmal ziemlich nachdenklich und insgesamt ein Buch, auf das hoffentlich nicht nur ich mich \u00e4u\u00dferst freue. Es hat jedenfalls gro\u00dfen Spa\u00df gemacht, diesen Roman zu schreiben, der einerseits sicher recht liehrtypisch ist, dann aber auch wieder nicht.<\/p>\n<p>Schaut selbst.<\/p>\n<p>Ab August 2015 im gepflegten Handel. Morgens, mittags, abends, gerne aber auch nachts.<\/p>\n<p>Und: Das Tanken nicht vergessen!<\/p>\n<p><em>(Bild aus der Verlagsvorschau. Die k\u00f6nnt Ihr <a title=\"Rowohlt-Vorschau Sommer 2015\" href=\"http:\/\/www.rowohlt.de\/fm\/447\/TB%20Belletristik%20-%20Sachbuch%20-%20Polaris%20-Mai%20-%20Oktober%202015_web.pdf\" target=\"_blank\" rel=\"noopener\">hier <\/a>herunterladen.)<\/em><\/p>\n","protected":false},"excerpt":{"rendered":"<p>Nein, dieser Roman wird keine Reminiszenz an jene Zeiten, als man sich des Nachts, wenn die Tankanzeige &#8222;Running On Empty&#8220; anzeigte, noch eine Tankstelle suchen musste, die ge\u00f6ffnet hatte. &#8222;Nachttankstelle&#8220; spielt in der Jetztzeit und in Berlin, genauer: In Neuk\u00f6lln. Jedenfalls \u00fcberwiegend. Das Buch handelt von Uwe Fiedler, 38, chronisch migr\u00e4nekrank. Er ist ein Gutmensch &hellip; <a href=\"https:\/\/www.tomliehr.de\/?p=344\" class=\"more-link\"><span class=\"screen-reader-text\">Ab August 2015 wird nachts getankt<\/span> weiterlesen <span class=\"meta-nav\">&rarr;<\/span><\/a><\/p>\n","protected":false},"author":1,"featured_media":0,"comment_status":"open","ping_status":"open","sticky":false,"template":"","format":"standard","meta":{"footnotes":""},"categories":[1,4],"tags":[80,19,79,78,12,10],"class_list":["post-344","post","type-post","status-publish","format-standard","hentry","category-allgemein","category-news","tag-80","tag-auflage","tag-nachttankstelle","tag-rowohlt","tag-tom-liehr","tag-verlag"],"_links":{"self":[{"href":"https:\/\/www.tomliehr.de\/index.php?rest_route=\/wp\/v2\/posts\/344","targetHints":{"allow":["GET"]}}],"collection":[{"href":"https:\/\/www.tomliehr.de\/index.php?rest_route=\/wp\/v2\/posts"}],"about":[{"href":"https:\/\/www.tomliehr.de\/index.php?rest_route=\/wp\/v2\/types\/post"}],"author":[{"embeddable":true,"href":"https:\/\/www.tomliehr.de\/index.php?rest_route=\/wp\/v2\/users\/1"}],"replies":[{"embeddable":true,"href":"https:\/\/www.tomliehr.de\/index.php?rest_route=%2Fwp%2Fv2%2Fcomments&post=344"}],"version-history":[{"count":6,"href":"https:\/\/www.tomliehr.de\/index.php?rest_route=\/wp\/v2\/posts\/344\/revisions"}],"predecessor-version":[{"id":733,"href":"https:\/\/www.tomliehr.de\/index.php?rest_route=\/wp\/v2\/posts\/344\/revisions\/733"}],"wp:attachment":[{"href":"https:\/\/www.tomliehr.de\/index.php?rest_route=%2Fwp%2Fv2%2Fmedia&parent=344"}],"wp:term":[{"taxonomy":"category","embeddable":true,"href":"https:\/\/www.tomliehr.de\/index.php?rest_route=%2Fwp%2Fv2%2Fcategories&post=344"},{"taxonomy":"post_tag","embeddable":true,"href":"https:\/\/www.tomliehr.de\/index.php?rest_route=%2Fwp%2Fv2%2Ftags&post=344"}],"curies":[{"name":"wp","href":"https:\/\/api.w.org\/{rel}","templated":true}]}}