{"id":317,"date":"2013-09-30T19:51:18","date_gmt":"2013-09-30T17:51:18","guid":{"rendered":"http:\/\/www.tomliehr.de\/?p=317"},"modified":"2023-04-11T17:03:59","modified_gmt":"2023-04-11T15:03:59","slug":"neverending-radio-nights","status":"publish","type":"post","link":"https:\/\/www.tomliehr.de\/?p=317","title":{"rendered":"Neverending Radio Nights"},"content":{"rendered":"<p style=\"text-align: justify;\">An das Gef\u00fchl &#8211; die Gef\u00fchle &#8211; kann ich mich noch sehr gut erinnern. Als ich das fertige Manuskript abschickte. Als mein Agent anrief, um mir mitzuteilen, dass er den Text sehr mochte. Als er abermals anrief, um mir anzuk\u00fcndigen, dass es einen Gespr\u00e4chstermin bei &#8222;Aufbau&#8220; g\u00e4be. Als ich dort sa\u00df, vor dem Programmleiter und meinem zuk\u00fcnftigen Lektor, und mich ungl\u00e4ubig in einem<em> richtigen Buchverlag<\/em> umschaute, der wahnsinnigerweise ein Buch von und mit <em>mir<\/em> machen wollte. Als ich die Vertr\u00e4ge unterschrieb (\u00fcbrigens, ohne sie gelesen zu haben). Als ich die ersten Coverentw\u00fcrfe sah. Als ich mit meinem Lektor unerm\u00fcdlich endlose Gespr\u00e4che f\u00fchrte, \u00fcber Figuren, Schaupl\u00e4tze, die Anordnung von Kapiteln &#8211; und all das immer noch f\u00fcr einen absurden Traum hielt. Als ich erstmals Danksagungen verfasste. Als ich die erste Verlagsvorschau erhielt, in der ein Roman von mir angek\u00fcndigt wurde. Als die Fahnen kamen. Als die Belegexemplare geliefert wurden. Als die erste Besprechung erschien (in einem Frauenmagazin namens &#8222;Allegra&#8220;). Als ich hypernerv\u00f6s und psychisch wie physisch v\u00f6llig am Ende nach zwanzig angstvoll durchwachten N\u00e4chten vor dem Buchpremierenpublikum sa\u00df und aus meinem <em>ersten Roman<\/em> vorlas. Als die ersten Leserbriefe eintrafen.<\/p>\n<p style=\"text-align: justify;\">Ich habe jetzt, in diesem Augenblick, w\u00e4hrend ich das hier schreibe, eine mordsm\u00e4\u00dfige G\u00e4nsehaut. Zwischen meinem ersten fiktionalen Text und der Ver\u00f6ffentlichung meines ersten Romans lagen 25 Jahre. Als es dann tats\u00e4chlich passierte, war das weit mehr als nur die Erf\u00fcllung eines Traums. Mir f\u00e4llt leider kein Vergleich ein, der funktionieren k\u00f6nnte. Es ist nicht in Worte zu fassen. Und ich werde es ganz sicher nie vergessen, jedenfalls so lange nicht, wie ich \u00fcber ein funktionierendes Ged\u00e4chtnis verf\u00fcge.<\/p>\n<p style=\"text-align: justify;\">Nicht nur deshalb liegt mir mein Erstling &#8222;Radio Nights&#8220; sehr am Herzen. Wann immer ich dieses Buch zur Hand nehme, um ein paar Seiten zu lesen, kann ich mich leicht in die damalige Stimmung versetzen. Ich wei\u00df noch, wo ich was geschrieben habe, und wann, oder welche Realpersonen f\u00fcr welche Romanfiguren Pate standen. Ich wei\u00df noch, wie energisch und ehrgeizig und auch naiv und \u00fcberzogen erwartungsvoll ich damals war. Wie die Gespr\u00e4che verliefen, die ich mit befreundeten Autoren rund ums Manuskript f\u00fchrte. Wie sehr ich mich in Donald, Lindsey, Frank, Hagelmacher, Liddy und all die anderen Figuren verliebt habe. Die auch jetzt noch, \u00fcber zehn Jahre danach, wie alte, lange nicht mehr getroffene Freunde in meinem Kopf herumspuken. Manchmal, wenn ich Radio h\u00f6re, frage ich mich, was Donald &#8222;Don FM&#8220; Kunze wohl zu dem sagen w\u00fcrde, was da gesendet wird.<\/p>\n<p style=\"text-align: justify;\">Und deshalb freut mich au\u00dferordentlich, dass der Aufbau-Verlag im Jahr 2014 eine weitere Neuauflage dieses Romans publizieren wird. Es ist nach 2008 schon die zweite Neuauflage, und damit die f\u00fcnfte insgesamt. Es ist nicht selbstverst\u00e4ndlich, dass Romanen, die keine Bestseller waren, verlagsseitig so lange die Treue gehalten wird. Und es ist sehr sch\u00f6n, zu wissen, dass auch in Zukunft noch Menschen dieses Buch, <em>meinen ersten Roman<\/em>, in die Hand nehmen, kaufen und lesen k\u00f6nnen, um gleich zweimal zu erfahren, wie bedeutsam Lebenstr\u00e4ume sein k\u00f6nnen, sind und sein sollten.<\/p>\n<p>Und so wird es aussehen:<\/p>\n<p><img decoding=\"async\" src=\"http:\/\/www.tomliehr.de\/images\/cover_3.jpg\" alt=\"\" \/><\/p>\n","protected":false},"excerpt":{"rendered":"<p>An das Gef\u00fchl &#8211; die Gef\u00fchle &#8211; kann ich mich noch sehr gut erinnern. Als ich das fertige Manuskript abschickte. Als mein Agent anrief, um mir mitzuteilen, dass er den Text sehr mochte. Als er abermals anrief, um mir anzuk\u00fcndigen, dass es einen Gespr\u00e4chstermin bei &#8222;Aufbau&#8220; g\u00e4be. Als ich dort sa\u00df, vor dem Programmleiter und &hellip; <a href=\"https:\/\/www.tomliehr.de\/?p=317\" class=\"more-link\"><span class=\"screen-reader-text\">Neverending Radio Nights<\/span> weiterlesen <span class=\"meta-nav\">&rarr;<\/span><\/a><\/p>\n","protected":false},"author":1,"featured_media":0,"comment_status":"open","ping_status":"open","sticky":false,"template":"","format":"standard","meta":{"footnotes":""},"categories":[1,4],"tags":[21,19,18,74,73,6,12,15,10],"class_list":["post-317","post","type-post","status-publish","format-standard","hentry","category-allgemein","category-news","tag-aufbau","tag-auflage","tag-deutschland","tag-donald-kunze","tag-neuauflage","tag-radio-nights","tag-tom-liehr","tag-veroffentlichen","tag-verlag"],"_links":{"self":[{"href":"https:\/\/www.tomliehr.de\/index.php?rest_route=\/wp\/v2\/posts\/317","targetHints":{"allow":["GET"]}}],"collection":[{"href":"https:\/\/www.tomliehr.de\/index.php?rest_route=\/wp\/v2\/posts"}],"about":[{"href":"https:\/\/www.tomliehr.de\/index.php?rest_route=\/wp\/v2\/types\/post"}],"author":[{"embeddable":true,"href":"https:\/\/www.tomliehr.de\/index.php?rest_route=\/wp\/v2\/users\/1"}],"replies":[{"embeddable":true,"href":"https:\/\/www.tomliehr.de\/index.php?rest_route=%2Fwp%2Fv2%2Fcomments&post=317"}],"version-history":[{"count":5,"href":"https:\/\/www.tomliehr.de\/index.php?rest_route=\/wp\/v2\/posts\/317\/revisions"}],"predecessor-version":[{"id":736,"href":"https:\/\/www.tomliehr.de\/index.php?rest_route=\/wp\/v2\/posts\/317\/revisions\/736"}],"wp:attachment":[{"href":"https:\/\/www.tomliehr.de\/index.php?rest_route=%2Fwp%2Fv2%2Fmedia&parent=317"}],"wp:term":[{"taxonomy":"category","embeddable":true,"href":"https:\/\/www.tomliehr.de\/index.php?rest_route=%2Fwp%2Fv2%2Fcategories&post=317"},{"taxonomy":"post_tag","embeddable":true,"href":"https:\/\/www.tomliehr.de\/index.php?rest_route=%2Fwp%2Fv2%2Ftags&post=317"}],"curies":[{"name":"wp","href":"https:\/\/api.w.org\/{rel}","templated":true}]}}