{"id":312,"date":"2013-09-09T17:48:38","date_gmt":"2013-09-09T15:48:38","guid":{"rendered":"http:\/\/www.tomliehr.de\/?p=312"},"modified":"2023-04-11T17:04:30","modified_gmt":"2023-04-11T15:04:30","slug":"leichtmatrosen-vielleicht-bald-im-kino","status":"publish","type":"post","link":"https:\/\/www.tomliehr.de\/?p=312","title":{"rendered":"&#8222;Leichtmatrosen&#8220; vielleicht bald im Kino!"},"content":{"rendered":"<p>Es gibt sie, die selbsterf\u00fcllenden Prophezeiungen. Vor nicht ganz drei Monaten schrieb ich den aktuellen Begr\u00fc\u00dfungstext f\u00fcr meine Site, in dem ich davon schw\u00e4tze, dass mir noch eine Verfilmung fehlt.<\/p>\n<p>Tja, und inzwischen sind sie unterschrieben, die Options- und Filmrechtevertr\u00e4ge. Mit etwas Gl\u00fcck kommen Patrick, Simon, Henner und Mark in zwei, drei Jahren in die Kinos. Nach passenden Regisseuren und Drehbuchautoren wird bereits gesucht. Ob und wann es mit den Dreharbeiten losgeht, entscheidet sich dann im Sommer 2014. Das ist f\u00fcr die Branche ziemlich fix; vier, f\u00fcnf, sechs Jahre Vorbereitungszeit sind keine Seltenheit.<\/p>\n<p><strong><em>Jahu!<\/em><\/strong><\/p>\n<p>Wenn sich jetzt noch J\u00fcrgen Vogel f\u00fcr die Rolle des Simon begeistern l\u00e4sst, bin ich restlos gl\u00fccklich. \ud83d\ude09<\/p>\n","protected":false},"excerpt":{"rendered":"<p>Es gibt sie, die selbsterf\u00fcllenden Prophezeiungen. Vor nicht ganz drei Monaten schrieb ich den aktuellen Begr\u00fc\u00dfungstext f\u00fcr meine Site, in dem ich davon schw\u00e4tze, dass mir noch eine Verfilmung fehlt. Tja, und inzwischen sind sie unterschrieben, die Options- und Filmrechtevertr\u00e4ge. Mit etwas Gl\u00fcck kommen Patrick, Simon, Henner und Mark in zwei, drei Jahren in die &hellip; <a href=\"https:\/\/www.tomliehr.de\/?p=312\" class=\"more-link\"><span class=\"screen-reader-text\">&#8222;Leichtmatrosen&#8220; vielleicht bald im Kino!<\/span> weiterlesen <span class=\"meta-nav\">&rarr;<\/span><\/a><\/p>\n","protected":false},"author":1,"featured_media":0,"comment_status":"open","ping_status":"open","sticky":false,"template":"","format":"standard","meta":{"footnotes":""},"categories":[1,4],"tags":[18,72,66,12,15],"class_list":["post-312","post","type-post","status-publish","format-standard","hentry","category-allgemein","category-news","tag-deutschland","tag-film","tag-leichtmatrosen","tag-tom-liehr","tag-veroffentlichen"],"_links":{"self":[{"href":"https:\/\/www.tomliehr.de\/index.php?rest_route=\/wp\/v2\/posts\/312","targetHints":{"allow":["GET"]}}],"collection":[{"href":"https:\/\/www.tomliehr.de\/index.php?rest_route=\/wp\/v2\/posts"}],"about":[{"href":"https:\/\/www.tomliehr.de\/index.php?rest_route=\/wp\/v2\/types\/post"}],"author":[{"embeddable":true,"href":"https:\/\/www.tomliehr.de\/index.php?rest_route=\/wp\/v2\/users\/1"}],"replies":[{"embeddable":true,"href":"https:\/\/www.tomliehr.de\/index.php?rest_route=%2Fwp%2Fv2%2Fcomments&post=312"}],"version-history":[{"count":4,"href":"https:\/\/www.tomliehr.de\/index.php?rest_route=\/wp\/v2\/posts\/312\/revisions"}],"predecessor-version":[{"id":738,"href":"https:\/\/www.tomliehr.de\/index.php?rest_route=\/wp\/v2\/posts\/312\/revisions\/738"}],"wp:attachment":[{"href":"https:\/\/www.tomliehr.de\/index.php?rest_route=%2Fwp%2Fv2%2Fmedia&parent=312"}],"wp:term":[{"taxonomy":"category","embeddable":true,"href":"https:\/\/www.tomliehr.de\/index.php?rest_route=%2Fwp%2Fv2%2Fcategories&post=312"},{"taxonomy":"post_tag","embeddable":true,"href":"https:\/\/www.tomliehr.de\/index.php?rest_route=%2Fwp%2Fv2%2Ftags&post=312"}],"curies":[{"name":"wp","href":"https:\/\/api.w.org\/{rel}","templated":true}]}}