{"id":299,"date":"2013-05-08T10:01:53","date_gmt":"2013-05-08T08:01:53","guid":{"rendered":"http:\/\/www.tomliehr.de\/?p=299"},"modified":"2023-04-11T17:05:43","modified_gmt":"2023-04-11T15:05:43","slug":"feinkornig","status":"publish","type":"post","link":"https:\/\/www.tomliehr.de\/?p=299","title":{"rendered":"Feink\u00f6rnig! :)"},"content":{"rendered":"<p>Seit dem 15. April ist mein neuer Roman &#8222;<a title=\"Zum Buch\" href=\"http:\/\/www.tomliehr.de\/?page_id=272\">Leichtmatrosen<\/a>&#8220; auf dem Markt, als Klappbroschur, eBook und H\u00f6rbuch-Download. Ich bin \u00fcberrascht und begl\u00fcckt von der gro\u00dfartigen, \u00fcberwiegend sehr positiven Resonanz, und m\u00f6chte mich auf diesem Weg bei allen bedanken, die Leserbriefe und Rezensionen geschrieben haben. &lt;kotau&gt; Es gab auch schon wunderbare Presse, derzeit stehen Lesungstermine in Berlin, Neustrelitz, Herbrechtigen, Crimmitschau und Gr\u00fcnwald an &#8211; weitere werden folgen. Updates und Rezensionen sind, wie immer, haupts\u00e4chlich auf <a title=\"Toms Seite bei Facebook\" href=\"http:\/\/www.facebook.com\/pages\/Tom-Liehr\/99412624236\" target=\"_blank\" rel=\"noopener\">Facebook<\/a> zu finden.<\/p>\n<p>Das Leben <strong>ist<\/strong> eine Schleuse! \ud83d\ude42<\/p>\n<p>Herzlich,<br \/>\nTom Liehr<\/p>\n","protected":false},"excerpt":{"rendered":"<p>Seit dem 15. April ist mein neuer Roman &#8222;Leichtmatrosen&#8220; auf dem Markt, als Klappbroschur, eBook und H\u00f6rbuch-Download. Ich bin \u00fcberrascht und begl\u00fcckt von der gro\u00dfartigen, \u00fcberwiegend sehr positiven Resonanz, und m\u00f6chte mich auf diesem Weg bei allen bedanken, die Leserbriefe und Rezensionen geschrieben haben. &lt;kotau&gt; Es gab auch schon wunderbare Presse, derzeit stehen Lesungstermine in &hellip; <a href=\"https:\/\/www.tomliehr.de\/?p=299\" class=\"more-link\"><span class=\"screen-reader-text\">Feink\u00f6rnig! \ud83d\ude42<\/span> weiterlesen <span class=\"meta-nav\">&rarr;<\/span><\/a><\/p>\n","protected":false},"author":1,"featured_media":0,"comment_status":"open","ping_status":"open","sticky":false,"template":"","format":"standard","meta":{"footnotes":""},"categories":[1,4],"tags":[21,66,36,42,12,10],"class_list":["post-299","post","type-post","status-publish","format-standard","hentry","category-allgemein","category-news","tag-aufbau","tag-leichtmatrosen","tag-lesung","tag-presse","tag-tom-liehr","tag-verlag"],"_links":{"self":[{"href":"https:\/\/www.tomliehr.de\/index.php?rest_route=\/wp\/v2\/posts\/299","targetHints":{"allow":["GET"]}}],"collection":[{"href":"https:\/\/www.tomliehr.de\/index.php?rest_route=\/wp\/v2\/posts"}],"about":[{"href":"https:\/\/www.tomliehr.de\/index.php?rest_route=\/wp\/v2\/types\/post"}],"author":[{"embeddable":true,"href":"https:\/\/www.tomliehr.de\/index.php?rest_route=\/wp\/v2\/users\/1"}],"replies":[{"embeddable":true,"href":"https:\/\/www.tomliehr.de\/index.php?rest_route=%2Fwp%2Fv2%2Fcomments&post=299"}],"version-history":[{"count":4,"href":"https:\/\/www.tomliehr.de\/index.php?rest_route=\/wp\/v2\/posts\/299\/revisions"}],"predecessor-version":[{"id":740,"href":"https:\/\/www.tomliehr.de\/index.php?rest_route=\/wp\/v2\/posts\/299\/revisions\/740"}],"wp:attachment":[{"href":"https:\/\/www.tomliehr.de\/index.php?rest_route=%2Fwp%2Fv2%2Fmedia&parent=299"}],"wp:term":[{"taxonomy":"category","embeddable":true,"href":"https:\/\/www.tomliehr.de\/index.php?rest_route=%2Fwp%2Fv2%2Fcategories&post=299"},{"taxonomy":"post_tag","embeddable":true,"href":"https:\/\/www.tomliehr.de\/index.php?rest_route=%2Fwp%2Fv2%2Ftags&post=299"}],"curies":[{"name":"wp","href":"https:\/\/api.w.org\/{rel}","templated":true}]}}