{"id":259,"date":"2012-11-21T19:45:28","date_gmt":"2012-11-21T17:45:28","guid":{"rendered":"http:\/\/www.tomliehr.de\/?p=259"},"modified":"2023-04-11T17:08:32","modified_gmt":"2023-04-11T15:08:32","slug":"leichtmatrosen-ab-april-2013","status":"publish","type":"post","link":"https:\/\/www.tomliehr.de\/?p=259","title":{"rendered":"LEICHTMATROSEN &#8211; ab April 2013!"},"content":{"rendered":"<p>Endlich, endlich sind die Vorschaubrosch\u00fcren gedruckt, und ich darf das wunderbare Cover meines n\u00e4chsten Romans herumzeigen &#8211; hier ist es:<\/p>\n<p><img decoding=\"async\" src=\"http:\/\/www.tomliehr.de\/images\/lmcover.jpg\" alt=\"\" \/><\/p>\n<p>Wer mehr dar\u00fcber erfahren m\u00f6chte, der sei auf die genannten <a title=\"&quot;R\u00fctten &amp; Loening&quot;, Vorschau Fr\u00fchjahr\/2013 (PDF)\" href=\"http:\/\/www.aufbau-verlag.de\/media\/downloads\/RL_Vorschau_Fj13.pdf\" target=\"_blank\" rel=\"noopener\">Verlagsvorschauen <\/a>verwiesen (Seiten 10 bis 13).<\/p>\n<p>Der Titel ist noch nicht im Buchhandel gelistet, was sich aber kurzfristig \u00e4ndern d\u00fcrfte. Au\u00dferdem erscheint &#8222;Leichtmatrosen&#8220; auch als H\u00f6rbuch bei &#8222;Der H\u00f6rverlag&#8220;. Hier der Klappentext:<\/p>\n<p><strong>Das Leben ist eine Schleuse<\/strong><\/p>\n<p>&nbsp;<\/p>\n<p><em>Sie sind bestenfalls Bekannte: Simon, der unzuverl\u00e4ssige Handwerker mit dem Handy-Tick, Henner, der Pfarrer, der gest\u00e4rkte Hemden liebt, Mark, der Berufschaot, der noch zu Hause wohnt, und Patrick, der Lektor mit Liebeskummer. Aus einer Laune heraus buchen sie eine Tour auf einem Hausboot &#8211; und das Verh\u00e4ngnis nimmt seinen Lauf. Kaum haben sie die erste Schleuse passiert, hat Patrick sein Erlebnis: Er sieht, wie eine wundersch\u00f6ne Frau in einem Kanu mit ihm flirtet und dann davonf\u00e4hrt. Was die vier anschlie\u00dfend erwartet: eine wundersch\u00f6ne Landschaft, ein paar besonders &#8222;leichte M\u00e4dchen&#8220;, eine schnell verliebte Schleusenw\u00e4rterin, die albanische Mafia &#8211; und die Erkenntnis, dass sie ihr Leben \u00e4ndern sollten &#8230;<br \/>\n<\/em><\/p>\n<p>Mehr Informationen demn\u00e4chst.<\/p>\n","protected":false},"excerpt":{"rendered":"<p>Endlich, endlich sind die Vorschaubrosch\u00fcren gedruckt, und ich darf das wunderbare Cover meines n\u00e4chsten Romans herumzeigen &#8211; hier ist es: Wer mehr dar\u00fcber erfahren m\u00f6chte, der sei auf die genannten Verlagsvorschauen verwiesen (Seiten 10 bis 13). Der Titel ist noch nicht im Buchhandel gelistet, was sich aber kurzfristig \u00e4ndern d\u00fcrfte. Au\u00dferdem erscheint &#8222;Leichtmatrosen&#8220; auch als &hellip; <a href=\"https:\/\/www.tomliehr.de\/?p=259\" class=\"more-link\"><span class=\"screen-reader-text\">LEICHTMATROSEN &#8211; ab April 2013!<\/span> weiterlesen <span class=\"meta-nav\">&rarr;<\/span><\/a><\/p>\n","protected":false},"author":1,"featured_media":0,"comment_status":"open","ping_status":"open","sticky":false,"template":"","format":"standard","meta":{"footnotes":""},"categories":[1,4],"tags":[21,22,66,12,10,129],"class_list":["post-259","post","type-post","status-publish","format-standard","hentry","category-allgemein","category-news","tag-aufbau","tag-cover","tag-leichtmatrosen","tag-tom-liehr","tag-verlag","tag-veroeffentlichen"],"_links":{"self":[{"href":"https:\/\/www.tomliehr.de\/index.php?rest_route=\/wp\/v2\/posts\/259","targetHints":{"allow":["GET"]}}],"collection":[{"href":"https:\/\/www.tomliehr.de\/index.php?rest_route=\/wp\/v2\/posts"}],"about":[{"href":"https:\/\/www.tomliehr.de\/index.php?rest_route=\/wp\/v2\/types\/post"}],"author":[{"embeddable":true,"href":"https:\/\/www.tomliehr.de\/index.php?rest_route=\/wp\/v2\/users\/1"}],"replies":[{"embeddable":true,"href":"https:\/\/www.tomliehr.de\/index.php?rest_route=%2Fwp%2Fv2%2Fcomments&post=259"}],"version-history":[{"count":5,"href":"https:\/\/www.tomliehr.de\/index.php?rest_route=\/wp\/v2\/posts\/259\/revisions"}],"predecessor-version":[{"id":743,"href":"https:\/\/www.tomliehr.de\/index.php?rest_route=\/wp\/v2\/posts\/259\/revisions\/743"}],"wp:attachment":[{"href":"https:\/\/www.tomliehr.de\/index.php?rest_route=%2Fwp%2Fv2%2Fmedia&parent=259"}],"wp:term":[{"taxonomy":"category","embeddable":true,"href":"https:\/\/www.tomliehr.de\/index.php?rest_route=%2Fwp%2Fv2%2Fcategories&post=259"},{"taxonomy":"post_tag","embeddable":true,"href":"https:\/\/www.tomliehr.de\/index.php?rest_route=%2Fwp%2Fv2%2Ftags&post=259"}],"curies":[{"name":"wp","href":"https:\/\/api.w.org\/{rel}","templated":true}]}}