{"id":229,"date":"2012-08-16T11:19:36","date_gmt":"2012-08-16T09:19:36","guid":{"rendered":"http:\/\/www.tomliehr.de\/?p=229"},"modified":"2023-04-11T17:10:49","modified_gmt":"2023-04-11T15:10:49","slug":"worte-uberwinden-grenzen","status":"publish","type":"post","link":"https:\/\/www.tomliehr.de\/?p=229","title":{"rendered":"Worte \u00fcberwinden Grenzen"},"content":{"rendered":"<p>Soeben erschienen:<\/p>\n<p>&nbsp;<\/p>\n<p><a href=\"http:\/\/www.amazon.de\/exec\/obidos\/ASIN\/3784121071\/wwwtomliehde-21\" target=\"_blank\" rel=\"noopener\"><img loading=\"lazy\" decoding=\"async\" src=\"http:\/\/ecx.images-amazon.com\/images\/I\/515CjIXqePL._SL500_AA300_.jpg\" alt=\"Worte \u00fcberwinden Grenzen\" width=\"300\" height=\"300\" \/><\/a><\/p>\n<p>Diese Anthologie &#8211; publiziert vom &#8222;Hausverlag&#8220; <a href=\"http:\/\/www.lambertus.de\">Lambertus<\/a>&#8211; versammelt u.a. die Preistr\u00e4ger des Caritas-Literaturwettbewerbs &#8222;Barrieren \u00fcberwinden&#8220;, den ich im vergangenen Jahr mit meiner Kurzgeschichte &#8222;Vielleicht ist sterben schlimmer&#8220; gewonnen habe.<br \/>\nNeben den drei Siegergeschichten und einem Gedicht, das einen Sonderpreis der Jury gewonnen hat, findet man im ordentlich gestalteten Buch noch weitere Texte, die von der damaligen Vorjury ausgew\u00e4hlt wurden. Nach meinem ersten Eindruck sollte man keine zu hohen Erwartungen an die literarische Qualit\u00e4t der Auswahl stellen; viele (darunter \u00e4u\u00dferst r\u00fchrende) Beitr\u00e4ge sind aus der Sicht von direkt oder indirekt Betroffenen geschrieben, weshalb es hier eher um Aspekte der Nachvollziehbarkeit und\/oder Authentizit\u00e4t geht als darum, schriftstellerisch zu brillieren. Schon ein Blick ins Inhaltsverzeichnis offenbart, wohin die Reise geht &#8211; so tragen immerhin f\u00fcnf der insgesamt knapp 30 Texte mehr oder weniger das Motto des Bewerbs im Titel. Nach einer Einleitung des Herausgebers (und Veranstalters) sowie einem Text \u00fcber den Literaturpreis selbst steigt man direkt mit meiner Geschichte ein, dann folgen die Platzierten, anschlie\u00dfend geht es in die Auswahl der Vorjury.<\/p>\n","protected":false},"excerpt":{"rendered":"<p>Soeben erschienen: &nbsp; Diese Anthologie &#8211; publiziert vom &#8222;Hausverlag&#8220; Lambertus&#8211; versammelt u.a. die Preistr\u00e4ger des Caritas-Literaturwettbewerbs &#8222;Barrieren \u00fcberwinden&#8220;, den ich im vergangenen Jahr mit meiner Kurzgeschichte &#8222;Vielleicht ist sterben schlimmer&#8220; gewonnen habe. Neben den drei Siegergeschichten und einem Gedicht, das einen Sonderpreis der Jury gewonnen hat, findet man im ordentlich gestalteten Buch noch weitere Texte, &hellip; <a href=\"https:\/\/www.tomliehr.de\/?p=229\" class=\"more-link\"><span class=\"screen-reader-text\">Worte \u00fcberwinden Grenzen<\/span> weiterlesen <span class=\"meta-nav\">&rarr;<\/span><\/a><\/p>\n","protected":false},"author":1,"featured_media":0,"comment_status":"open","ping_status":"open","sticky":false,"template":"","format":"standard","meta":{"footnotes":""},"categories":[1,4],"tags":[44,62,63,12,129,61],"class_list":["post-229","post","type-post","status-publish","format-standard","hentry","category-allgemein","category-news","tag-anthologie","tag-caritas","tag-literaturwettbewerb","tag-tom-liehr","tag-veroeffentlichen","tag-vielleicht-ist-sterben-schlimmer"],"_links":{"self":[{"href":"https:\/\/www.tomliehr.de\/index.php?rest_route=\/wp\/v2\/posts\/229","targetHints":{"allow":["GET"]}}],"collection":[{"href":"https:\/\/www.tomliehr.de\/index.php?rest_route=\/wp\/v2\/posts"}],"about":[{"href":"https:\/\/www.tomliehr.de\/index.php?rest_route=\/wp\/v2\/types\/post"}],"author":[{"embeddable":true,"href":"https:\/\/www.tomliehr.de\/index.php?rest_route=\/wp\/v2\/users\/1"}],"replies":[{"embeddable":true,"href":"https:\/\/www.tomliehr.de\/index.php?rest_route=%2Fwp%2Fv2%2Fcomments&post=229"}],"version-history":[{"count":6,"href":"https:\/\/www.tomliehr.de\/index.php?rest_route=\/wp\/v2\/posts\/229\/revisions"}],"predecessor-version":[{"id":748,"href":"https:\/\/www.tomliehr.de\/index.php?rest_route=\/wp\/v2\/posts\/229\/revisions\/748"}],"wp:attachment":[{"href":"https:\/\/www.tomliehr.de\/index.php?rest_route=%2Fwp%2Fv2%2Fmedia&parent=229"}],"wp:term":[{"taxonomy":"category","embeddable":true,"href":"https:\/\/www.tomliehr.de\/index.php?rest_route=%2Fwp%2Fv2%2Fcategories&post=229"},{"taxonomy":"post_tag","embeddable":true,"href":"https:\/\/www.tomliehr.de\/index.php?rest_route=%2Fwp%2Fv2%2Ftags&post=229"}],"curies":[{"name":"wp","href":"https:\/\/api.w.org\/{rel}","templated":true}]}}