{"id":193,"date":"2011-06-17T20:56:17","date_gmt":"2011-06-17T18:56:17","guid":{"rendered":"http:\/\/www.tomliehr.de\/?p=193"},"modified":"2023-04-11T17:15:23","modified_gmt":"2023-04-11T15:15:23","slug":"buchpremiere-lesung-party","status":"publish","type":"post","link":"https:\/\/www.tomliehr.de\/?p=193","title":{"rendered":"Buchpremiere &#8211; Lesung &#038; Party"},"content":{"rendered":"<p>Buchpremiere <strong>&#8222;Somm<\/strong><img loading=\"lazy\" decoding=\"async\" class=\"alignleft\" src=\"http:\/\/www.tomliehr.de\/images\/sommerhit_buchpremiere.jpg\" alt=\"\" width=\"352\" height=\"602\" \/><strong>erhit&#8220;<\/strong> am 16. Juli 2011, ab 20.00 Uhr im <a title=\"Lange Nacht, Neuk\u00f6lln\" href=\"http:\/\/www.lange-nacht.com\" target=\"_blank\" rel=\"noopener\">&#8222;Lange Nacht&#8220;<\/a>, Weisestra\u00dfe 8, 12049 Berlin-Neuk\u00f6lln (U-Bahnhof Boddinstra\u00dfe).<\/p>\n<p><strong>Eintritt frei<\/strong>. Nach der Lesung legt DJ Colin auf.<\/p>\n<p>Ich freue mich auf Euch!<\/p>\n<p>Herzlich,<\/p>\n<p>Tom<\/p>\n","protected":false},"excerpt":{"rendered":"<p>Buchpremiere &#8222;Sommerhit&#8220; am 16. Juli 2011, ab 20.00 Uhr im &#8222;Lange Nacht&#8220;, Weisestra\u00dfe 8, 12049 Berlin-Neuk\u00f6lln (U-Bahnhof Boddinstra\u00dfe). Eintritt frei. Nach der Lesung legt DJ Colin auf. Ich freue mich auf Euch! Herzlich, Tom<\/p>\n","protected":false},"author":1,"featured_media":0,"comment_status":"open","ping_status":"open","sticky":false,"template":"","format":"standard","meta":{"footnotes":""},"categories":[1,5,4],"tags":[21,45,18,46,42,40,12],"class_list":["post-193","post","type-post","status-publish","format-standard","hentry","category-allgemein","category-literaturszene","category-news","tag-aufbau","tag-buchpremiere","tag-deutschland","tag-lange-nacht","tag-presse","tag-sommerhit","tag-tom-liehr"],"_links":{"self":[{"href":"https:\/\/www.tomliehr.de\/index.php?rest_route=\/wp\/v2\/posts\/193","targetHints":{"allow":["GET"]}}],"collection":[{"href":"https:\/\/www.tomliehr.de\/index.php?rest_route=\/wp\/v2\/posts"}],"about":[{"href":"https:\/\/www.tomliehr.de\/index.php?rest_route=\/wp\/v2\/types\/post"}],"author":[{"embeddable":true,"href":"https:\/\/www.tomliehr.de\/index.php?rest_route=\/wp\/v2\/users\/1"}],"replies":[{"embeddable":true,"href":"https:\/\/www.tomliehr.de\/index.php?rest_route=%2Fwp%2Fv2%2Fcomments&post=193"}],"version-history":[{"count":5,"href":"https:\/\/www.tomliehr.de\/index.php?rest_route=\/wp\/v2\/posts\/193\/revisions"}],"predecessor-version":[{"id":756,"href":"https:\/\/www.tomliehr.de\/index.php?rest_route=\/wp\/v2\/posts\/193\/revisions\/756"}],"wp:attachment":[{"href":"https:\/\/www.tomliehr.de\/index.php?rest_route=%2Fwp%2Fv2%2Fmedia&parent=193"}],"wp:term":[{"taxonomy":"category","embeddable":true,"href":"https:\/\/www.tomliehr.de\/index.php?rest_route=%2Fwp%2Fv2%2Fcategories&post=193"},{"taxonomy":"post_tag","embeddable":true,"href":"https:\/\/www.tomliehr.de\/index.php?rest_route=%2Fwp%2Fv2%2Ftags&post=193"}],"curies":[{"name":"wp","href":"https:\/\/api.w.org\/{rel}","templated":true}]}}